{"id":6700,"date":"2020-09-09T19:42:04","date_gmt":"2020-09-09T22:42:04","guid":{"rendered":"http:\/\/oasisfm935.com\/site\/?p=6700"},"modified":"2020-09-09T19:42:04","modified_gmt":"2020-09-09T22:42:04","slug":"la-pampa-suma-otros-ocho-casos-positivos-de-coronavirus-en-total-ya-son-66-los-activos","status":"publish","type":"post","link":"https:\/\/oasisfm935.com.ar\/site\/la-pampa-suma-otros-ocho-casos-positivos-de-coronavirus-en-total-ya-son-66-los-activos\/","title":{"rendered":"La Pampa suma otros ocho casos positivos de coronavirus."},"content":{"rendered":"<p class=\"lead nota-detalle-bajada\">El Gobierno de la Provincia de La Pampa, a trav\u00e9s del Ministerio de Salud, comunic\u00f3 que en la tarde del d\u00eda 9 de septiembre se finaliz\u00f3 con el procesamiento de 81 muestras analizadas en los laboratorios del Hospital Lucio Molas, Gobernador Centeno y de la Direcci\u00f3n de Epidemiolog\u00eda, de las cuales 8 resultaron positivas para COVID-19.<\/p>\n<div class=\"nota-detalle-cuerpo\">\n<p><strong>Casos confirmados<\/strong><br \/>\nDe los 8 casos confirmados en la tarde de hoy, 1 corresponde a la localidad de Santa Rosa, 1 a Toay, 1 reside en General Pico, 2 en 25 de Mayo y 3 en Intendente Alvear. 7 de estos casos se encontraban aislados, por ser considerados contactos estrechos de\u00a0casos positivos, el de la localidad de Toay se\u00a0 encuentra en investigaci\u00f3n epidemiol\u00f3gica.<\/p>\n<p><strong>\u201cB\u00fasqueda Activa \u201cen General Pico\u00a0<\/strong><br \/>\nEn el d\u00eda de hoy se llev\u00f3 a cabo en la localidad de General Pico\u00a0la \u201cb\u00fasqueda activa\u201d de posibles casos. Se visitaron\u00a0354 domicilios del Barrio Carlos Berg, se monitoreo\u00a0 a 1623 personas de las cuales\u00a015 fueron hisopadas por presentar s\u00edntomas compatibles con este virus.<\/p>\n<p><strong>Situaci\u00f3n Provincial<\/strong><br \/>\nDesde el inicio de la pandemia, en nuestra provincia, se registraron un total 261 casos positivos para COVID-19, de los cuales 66 permanecen activos, 3 han fallecido\u00a0 y 192 se han recuperado. Los casos confirmados activos est\u00e1n distribuidos de la siguiente manera: 11 en la ciudad de Santa Rosa, 6 en General Pico, 1 en Catril\u00f3, 1 en Guatrach\u00e9, 4 La Adela, 1 en Macach\u00edn, 10 en 25 de Mayo, 2 en Gobernador Duval ,3 en Toay, 23 en Intendente Alvear ,2 en General Acha y 2\u00a0 en Larroud\u00e9.<br \/>\nSe encuentran internadas\u00a0 8 personas confirmadas para COVID-19, 2 de ellas en cl\u00ednica m\u00e9dica\u00a0 del Hospital Gobernador Centeno y la otras 6 en cl\u00ednica m\u00e9dica del Centro Emergente de Asistencia Respiratoria de la localidad de Santa Rosa<\/p>\n<p><strong>Aclaraci\u00f3n sobre la carga de casos confirmados en el Reporte Nacional<\/strong><br \/>\nEs importante aclarar que existe una diferencia de casos confirmados entre el Reporte Provincial y el Nacional ya que se asisten y notifican pacientes que viven en otras provincias que tienen domicilio legal (el que figura en el DNI) en la provincia de La Pampa.<\/p>\n<\/div>\n<div class=\"oasis-despues-del-contenido\" id=\"oasis-1177217753\"><img loading=\"lazy\" decoding=\"async\" src=\"https:\/\/oasisfm935.com.ar\/site\/wp-content\/uploads\/2020\/08\/47806202-8741-49f2-a5c9-d2f930e5baa1.jpg\" alt=\"\"  srcset=\"https:\/\/oasisfm935.com.ar\/site\/wp-content\/uploads\/2020\/08\/47806202-8741-49f2-a5c9-d2f930e5baa1.jpg 1080w, https:\/\/oasisfm935.com.ar\/site\/wp-content\/uploads\/2020\/08\/47806202-8741-49f2-a5c9-d2f930e5baa1-300x300.jpg 300w, https:\/\/oasisfm935.com.ar\/site\/wp-content\/uploads\/2020\/08\/47806202-8741-49f2-a5c9-d2f930e5baa1-1024x1024.jpg 1024w, https:\/\/oasisfm935.com.ar\/site\/wp-content\/uploads\/2020\/08\/47806202-8741-49f2-a5c9-d2f930e5baa1-150x150.jpg 150w, https:\/\/oasisfm935.com.ar\/site\/wp-content\/uploads\/2020\/08\/47806202-8741-49f2-a5c9-d2f930e5baa1-768x768.jpg 768w\" sizes=\"(max-width: 1080px) 100vw, 1080px\" class=\"no-lazyload\" width=\"1080\" height=\"1080\"  style=\"display: inline-block;\" \/><\/div>","protected":false},"excerpt":{"rendered":"<p>El Gobierno de la Provincia de La Pampa, a trav\u00e9s del Ministerio de Salud, comunic\u00f3 que en la tarde del d\u00eda 9<\/p>\n","protected":false},"author":4,"featured_media":6701,"comment_status":"closed","ping_status":"open","sticky":false,"template":"","format":"standard","meta":{"colormag_page_layout":"default_layout","footnotes":""},"categories":[2],"tags":[],"class_list":["post-6700","post","type-post","status-publish","format-standard","has-post-thumbnail","hentry","category-noticias"],"_links":{"self":[{"href":"https:\/\/oasisfm935.com.ar\/site\/wp-json\/wp\/v2\/posts\/6700","targetHints":{"allow":["GET"]}}],"collection":[{"href":"https:\/\/oasisfm935.com.ar\/site\/wp-json\/wp\/v2\/posts"}],"about":[{"href":"https:\/\/oasisfm935.com.ar\/site\/wp-json\/wp\/v2\/types\/post"}],"author":[{"embeddable":true,"href":"https:\/\/oasisfm935.com.ar\/site\/wp-json\/wp\/v2\/users\/4"}],"replies":[{"embeddable":true,"href":"https:\/\/oasisfm935.com.ar\/site\/wp-json\/wp\/v2\/comments?post=6700"}],"version-history":[{"count":1,"href":"https:\/\/oasisfm935.com.ar\/site\/wp-json\/wp\/v2\/posts\/6700\/revisions"}],"predecessor-version":[{"id":6702,"href":"https:\/\/oasisfm935.com.ar\/site\/wp-json\/wp\/v2\/posts\/6700\/revisions\/6702"}],"wp:featuredmedia":[{"embeddable":true,"href":"https:\/\/oasisfm935.com.ar\/site\/wp-json\/wp\/v2\/media\/6701"}],"wp:attachment":[{"href":"https:\/\/oasisfm935.com.ar\/site\/wp-json\/wp\/v2\/media?parent=6700"}],"wp:term":[{"taxonomy":"category","embeddable":true,"href":"https:\/\/oasisfm935.com.ar\/site\/wp-json\/wp\/v2\/categories?post=6700"},{"taxonomy":"post_tag","embeddable":true,"href":"https:\/\/oasisfm935.com.ar\/site\/wp-json\/wp\/v2\/tags?post=6700"}],"curies":[{"name":"wp","href":"https:\/\/api.w.org\/{rel}","templated":true}]}}