{"id":6703,"date":"2020-09-09T22:57:23","date_gmt":"2020-09-10T01:57:23","guid":{"rendered":"http:\/\/oasisfm935.com\/site\/?p=6703"},"modified":"2020-09-09T22:57:23","modified_gmt":"2020-09-10T01:57:23","slug":"ultimo-momento-confirman-9-casos-positivos-de-coronavirus-del-brote-de-intendente-alvear","status":"publish","type":"post","link":"https:\/\/oasisfm935.com.ar\/site\/ultimo-momento-confirman-9-casos-positivos-de-coronavirus-del-brote-de-intendente-alvear\/","title":{"rendered":"\u00daltimo momento: Confirman 9 casos positivos de coronavirus del brote de Intendente Alvear"},"content":{"rendered":"<p>El Gobierno de la Provincia de La Pampa a trav\u00e9s del Ministerio de Salud, comunic\u00f3 que horas de la noche del d\u00eda de hoy, mi\u00e9rcoles 9 de septiembre, se finaliz\u00f3 con el procesamiento de 31 muestras, de las cuales 9 resultaron positivas para COVID-19, todas ellas pertenecientes a la localidad de Intendente Alvear.<\/p>\n<p><strong>Situaci\u00f3n provincial<\/strong><br \/>\nEn la Provincia, desde el inicio de la pandemia, se registraron un total de 270 casos positivos para COVID-19, de los cuales 75 permanecen activos, 3 fallecieron y 192 se recuperaron. Los casos confirmados activos est\u00e1n distribuidos de la siguiente manera: 11 en la ciudad de Santa Rosa, 6 en General Pico, 1 en Catril\u00f3, 1 en Guatrach\u00e9, 4 en La Adela, 1 en Macach\u00edn, 10 en 25 de Mayo, 2 en Gobernador Duval, 3 en Toay, 32 en Intendente Alvear, 2 en General Acha y 2 en Bernardo Larroud\u00e9.<br \/>\nDesde el Ministerio de Salud se contin\u00faa trabajando en la investigaci\u00f3n epidemiol\u00f3gica de los casos.<\/p>\n<div class=\"oasis-despues-del-contenido\" id=\"oasis-1730216571\"><img loading=\"lazy\" decoding=\"async\" src=\"https:\/\/oasisfm935.com.ar\/site\/wp-content\/uploads\/2020\/08\/47806202-8741-49f2-a5c9-d2f930e5baa1.jpg\" alt=\"\"  srcset=\"https:\/\/oasisfm935.com.ar\/site\/wp-content\/uploads\/2020\/08\/47806202-8741-49f2-a5c9-d2f930e5baa1.jpg 1080w, https:\/\/oasisfm935.com.ar\/site\/wp-content\/uploads\/2020\/08\/47806202-8741-49f2-a5c9-d2f930e5baa1-300x300.jpg 300w, https:\/\/oasisfm935.com.ar\/site\/wp-content\/uploads\/2020\/08\/47806202-8741-49f2-a5c9-d2f930e5baa1-1024x1024.jpg 1024w, https:\/\/oasisfm935.com.ar\/site\/wp-content\/uploads\/2020\/08\/47806202-8741-49f2-a5c9-d2f930e5baa1-150x150.jpg 150w, https:\/\/oasisfm935.com.ar\/site\/wp-content\/uploads\/2020\/08\/47806202-8741-49f2-a5c9-d2f930e5baa1-768x768.jpg 768w\" sizes=\"(max-width: 1080px) 100vw, 1080px\" class=\"no-lazyload\" width=\"1080\" height=\"1080\"  style=\"display: inline-block;\" \/><\/div>","protected":false},"excerpt":{"rendered":"<p>El Gobierno de la Provincia de La Pampa a trav\u00e9s del Ministerio de Salud, comunic\u00f3 que horas de la noche del d\u00eda<\/p>\n","protected":false},"author":4,"featured_media":6704,"comment_status":"closed","ping_status":"open","sticky":false,"template":"","format":"standard","meta":{"colormag_page_layout":"default_layout","footnotes":""},"categories":[2],"tags":[],"class_list":["post-6703","post","type-post","status-publish","format-standard","has-post-thumbnail","hentry","category-noticias"],"_links":{"self":[{"href":"https:\/\/oasisfm935.com.ar\/site\/wp-json\/wp\/v2\/posts\/6703","targetHints":{"allow":["GET"]}}],"collection":[{"href":"https:\/\/oasisfm935.com.ar\/site\/wp-json\/wp\/v2\/posts"}],"about":[{"href":"https:\/\/oasisfm935.com.ar\/site\/wp-json\/wp\/v2\/types\/post"}],"author":[{"embeddable":true,"href":"https:\/\/oasisfm935.com.ar\/site\/wp-json\/wp\/v2\/users\/4"}],"replies":[{"embeddable":true,"href":"https:\/\/oasisfm935.com.ar\/site\/wp-json\/wp\/v2\/comments?post=6703"}],"version-history":[{"count":1,"href":"https:\/\/oasisfm935.com.ar\/site\/wp-json\/wp\/v2\/posts\/6703\/revisions"}],"predecessor-version":[{"id":6705,"href":"https:\/\/oasisfm935.com.ar\/site\/wp-json\/wp\/v2\/posts\/6703\/revisions\/6705"}],"wp:featuredmedia":[{"embeddable":true,"href":"https:\/\/oasisfm935.com.ar\/site\/wp-json\/wp\/v2\/media\/6704"}],"wp:attachment":[{"href":"https:\/\/oasisfm935.com.ar\/site\/wp-json\/wp\/v2\/media?parent=6703"}],"wp:term":[{"taxonomy":"category","embeddable":true,"href":"https:\/\/oasisfm935.com.ar\/site\/wp-json\/wp\/v2\/categories?post=6703"},{"taxonomy":"post_tag","embeddable":true,"href":"https:\/\/oasisfm935.com.ar\/site\/wp-json\/wp\/v2\/tags?post=6703"}],"curies":[{"name":"wp","href":"https:\/\/api.w.org\/{rel}","templated":true}]}}