{"id":6706,"date":"2020-09-10T10:59:10","date_gmt":"2020-09-10T13:59:10","guid":{"rendered":"http:\/\/oasisfm935.com\/site\/?p=6706"},"modified":"2020-09-10T10:59:43","modified_gmt":"2020-09-10T13:59:43","slug":"advierten-por-posibles-tormentas-y-vientos-fuertes-en-la-pampa","status":"publish","type":"post","link":"https:\/\/oasisfm935.com.ar\/site\/advierten-por-posibles-tormentas-y-vientos-fuertes-en-la-pampa\/","title":{"rendered":"Advierten por posibles tormentas y vientos fuertes en La Pampa."},"content":{"rendered":"<p>El Servicio Meteorol\u00f3gico Nacional (SMN) anunci\u00f3 dos alertas para el este y sur de La Pampa<\/p>\n<p>Por un lado, el SMN emiti\u00f3 un alerta por\u00a0<strong>tormentas fuertes para el este de La Pampa<\/strong>\u00a0y el centro oeste y sudoeste de la provincia de Buenos Aires.<\/p>\n<p>\u201cSe espera que a partir de la tarde de este jueves el \u00e1rea de cobertura sea afectada por tormentas aisladas, algunas localmente fuertes. Las mismas podr\u00e1n estar acompa\u00f1adas de abundante ca\u00edda de agua en cortos per\u00edodos, fuerte actividad el\u00e9ctrica, r\u00e1fagas y ocasional ca\u00edda de granizo. Se esperan valores de precipitaci\u00f3n acumulada entre 15 y 20 mil\u00edmetros, pudiendo ser superiores en forma localizada. Las condiciones tender\u00e1n a mejorar entre la noche de hoy y la madrugada del viernes 11\u201d, inform\u00f3 el organismo nacional.<\/p>\n<p>Por otro lado,\u00a0<strong>el SMN emiti\u00f3 un alerta por vientos fuertes con r\u00e1fagas para el sur de La Pampa<\/strong>, extremo sur de la provincia de Buenos Aires, Chubut, centro y este de Neuqu\u00e9n, R\u00edo Negro, Santa Cruz, Tierra del Fuego.<\/p>\n<p>\u201cA partir de la ma\u00f1ana de este jueves se incrementar\u00e1n los vientos del sector oeste en las provincias de Neuqu\u00e9n y R\u00edo Negro, y a partir del mediod\u00eda se extender\u00e1n progresivamente a las provincias de Chubut y Santa Cruz. La intensidad de los mismos oscilar\u00e1 entre los 50-70 km\/h con r\u00e1fagas que pueden superar los 100 km\/h, sobre todo en el sudeste de R\u00edo Negro y en el centro y este de Chubut entre la tarde y la noche. Sobre el sur de La Pampa y el extremo sur de la provincia de Buenos Aires, el incremento de la intensidad de los vientos se espera a partir de la tarde y noche de hoy, respectivamente. Los pron\u00f3sticos de intensidad de viento sobre el \u00e1rea mar\u00edtima adyacentes a las costas fueron emitidos en los boletines de navegaci\u00f3n mar\u00edtima de rutina\u201d, inform\u00f3.<\/p>\n<div class=\"oasis-despues-del-contenido\" id=\"oasis-1529191390\"><img loading=\"lazy\" decoding=\"async\" src=\"https:\/\/oasisfm935.com.ar\/site\/wp-content\/uploads\/2020\/08\/47806202-8741-49f2-a5c9-d2f930e5baa1.jpg\" alt=\"\"  srcset=\"https:\/\/oasisfm935.com.ar\/site\/wp-content\/uploads\/2020\/08\/47806202-8741-49f2-a5c9-d2f930e5baa1.jpg 1080w, https:\/\/oasisfm935.com.ar\/site\/wp-content\/uploads\/2020\/08\/47806202-8741-49f2-a5c9-d2f930e5baa1-300x300.jpg 300w, https:\/\/oasisfm935.com.ar\/site\/wp-content\/uploads\/2020\/08\/47806202-8741-49f2-a5c9-d2f930e5baa1-1024x1024.jpg 1024w, https:\/\/oasisfm935.com.ar\/site\/wp-content\/uploads\/2020\/08\/47806202-8741-49f2-a5c9-d2f930e5baa1-150x150.jpg 150w, https:\/\/oasisfm935.com.ar\/site\/wp-content\/uploads\/2020\/08\/47806202-8741-49f2-a5c9-d2f930e5baa1-768x768.jpg 768w\" sizes=\"(max-width: 1080px) 100vw, 1080px\" class=\"no-lazyload\" width=\"1080\" height=\"1080\"  style=\"display: inline-block;\" \/><\/div>","protected":false},"excerpt":{"rendered":"<p>El Servicio Meteorol\u00f3gico Nacional (SMN) anunci\u00f3 dos alertas para el este y sur de La Pampa Por un lado, el SMN emiti\u00f3<\/p>\n","protected":false},"author":4,"featured_media":6707,"comment_status":"closed","ping_status":"open","sticky":false,"template":"","format":"standard","meta":{"colormag_page_layout":"default_layout","footnotes":""},"categories":[2],"tags":[],"class_list":["post-6706","post","type-post","status-publish","format-standard","has-post-thumbnail","hentry","category-noticias"],"_links":{"self":[{"href":"https:\/\/oasisfm935.com.ar\/site\/wp-json\/wp\/v2\/posts\/6706","targetHints":{"allow":["GET"]}}],"collection":[{"href":"https:\/\/oasisfm935.com.ar\/site\/wp-json\/wp\/v2\/posts"}],"about":[{"href":"https:\/\/oasisfm935.com.ar\/site\/wp-json\/wp\/v2\/types\/post"}],"author":[{"embeddable":true,"href":"https:\/\/oasisfm935.com.ar\/site\/wp-json\/wp\/v2\/users\/4"}],"replies":[{"embeddable":true,"href":"https:\/\/oasisfm935.com.ar\/site\/wp-json\/wp\/v2\/comments?post=6706"}],"version-history":[{"count":1,"href":"https:\/\/oasisfm935.com.ar\/site\/wp-json\/wp\/v2\/posts\/6706\/revisions"}],"predecessor-version":[{"id":6708,"href":"https:\/\/oasisfm935.com.ar\/site\/wp-json\/wp\/v2\/posts\/6706\/revisions\/6708"}],"wp:featuredmedia":[{"embeddable":true,"href":"https:\/\/oasisfm935.com.ar\/site\/wp-json\/wp\/v2\/media\/6707"}],"wp:attachment":[{"href":"https:\/\/oasisfm935.com.ar\/site\/wp-json\/wp\/v2\/media?parent=6706"}],"wp:term":[{"taxonomy":"category","embeddable":true,"href":"https:\/\/oasisfm935.com.ar\/site\/wp-json\/wp\/v2\/categories?post=6706"},{"taxonomy":"post_tag","embeddable":true,"href":"https:\/\/oasisfm935.com.ar\/site\/wp-json\/wp\/v2\/tags?post=6706"}],"curies":[{"name":"wp","href":"https:\/\/api.w.org\/{rel}","templated":true}]}}