{"id":6711,"date":"2020-09-10T14:47:03","date_gmt":"2020-09-10T17:47:03","guid":{"rendered":"http:\/\/oasisfm935.com\/site\/?p=6711"},"modified":"2020-09-10T14:47:03","modified_gmt":"2020-09-10T17:47:03","slug":"vuelven-el-futbol-5-y-otros-deportes-en-conjunto-a-la-pampa","status":"publish","type":"post","link":"https:\/\/oasisfm935.com.ar\/site\/vuelven-el-futbol-5-y-otros-deportes-en-conjunto-a-la-pampa\/","title":{"rendered":"Vuelven el f\u00fatbol 5 y otros deportes en conjunto a La Pampa"},"content":{"rendered":"<p><strong>Es inminente el regreso de los deportes en conjunto a la provincia<\/strong>, como el b\u00e1squet y el f\u00fatbol 5: el Gobierno de\u00a0<strong>Sergio Ziliotto<\/strong>\u00a0pidi\u00f3 a Naci\u00f3n que permita en La Pampa\u00a0<strong>la pr\u00e1ctica de deportes con oposici\u00f3n, con un m\u00e1ximo de 10 deportistas, a realizarse en espacios abiertos o cerrados que garanticen ventilaci\u00f3n natural.\u00a0<\/strong><\/p>\n<p>\u201cAs\u00ed, se inicia una etapa de consideraci\u00f3n y consulta entre Provincia y Naci\u00f3n.\u00a0<strong>De ser autorizada, se fijar\u00e1 una fecha de inicio siempre supeditada a la situaci\u00f3n sanitaria de La Pampa<\/strong>\u201d, inform\u00f3 el Gobierno.<\/p>\n<p>Los fundamentos y protocolos que acompa\u00f1an la presentaci\u00f3n fueron elaborados en el \u00e1mbito de la Subsecretar\u00eda de Deportes del Ministerio de Desarrollo Social, con el aporte de municipios, clubes y particulares del sector, y con estricto cumplimiento de las especificaciones impuestas por la Direcci\u00f3n General de Epidemiolog\u00eda del Ministerio de Salud Provincial.<\/p>\n<p>\u201cEste pedido de an\u00e1lisis para su implementaci\u00f3n se enmarca en la necesaria excepci\u00f3n de las prohibiciones previstas en el \u00faltimo DNU\u201d, comunic\u00f3 Casa de Gobierno.<\/p>\n<p>En la provincia, desde el inicio de la pandemia y hasta ayer se registraron un total de 270 casos positivos para Covid-19, de los cuales 75 permanecen activos, 3 fallecieron y 192 se recuperaron.<\/p>\n<div class=\"oasis-despues-del-contenido\" id=\"oasis-3989140649\"><img loading=\"lazy\" decoding=\"async\" src=\"https:\/\/oasisfm935.com.ar\/site\/wp-content\/uploads\/2020\/08\/47806202-8741-49f2-a5c9-d2f930e5baa1.jpg\" alt=\"\"  srcset=\"https:\/\/oasisfm935.com.ar\/site\/wp-content\/uploads\/2020\/08\/47806202-8741-49f2-a5c9-d2f930e5baa1.jpg 1080w, https:\/\/oasisfm935.com.ar\/site\/wp-content\/uploads\/2020\/08\/47806202-8741-49f2-a5c9-d2f930e5baa1-300x300.jpg 300w, https:\/\/oasisfm935.com.ar\/site\/wp-content\/uploads\/2020\/08\/47806202-8741-49f2-a5c9-d2f930e5baa1-1024x1024.jpg 1024w, https:\/\/oasisfm935.com.ar\/site\/wp-content\/uploads\/2020\/08\/47806202-8741-49f2-a5c9-d2f930e5baa1-150x150.jpg 150w, https:\/\/oasisfm935.com.ar\/site\/wp-content\/uploads\/2020\/08\/47806202-8741-49f2-a5c9-d2f930e5baa1-768x768.jpg 768w\" sizes=\"(max-width: 1080px) 100vw, 1080px\" class=\"no-lazyload\" width=\"1080\" height=\"1080\"  style=\"display: inline-block;\" \/><\/div>","protected":false},"excerpt":{"rendered":"<p>Es inminente el regreso de los deportes en conjunto a la provincia, como el b\u00e1squet y el f\u00fatbol 5: el Gobierno de\u00a0Sergio<\/p>\n","protected":false},"author":4,"featured_media":6712,"comment_status":"closed","ping_status":"open","sticky":false,"template":"","format":"standard","meta":{"colormag_page_layout":"default_layout","footnotes":""},"categories":[2],"tags":[],"class_list":["post-6711","post","type-post","status-publish","format-standard","has-post-thumbnail","hentry","category-noticias"],"_links":{"self":[{"href":"https:\/\/oasisfm935.com.ar\/site\/wp-json\/wp\/v2\/posts\/6711","targetHints":{"allow":["GET"]}}],"collection":[{"href":"https:\/\/oasisfm935.com.ar\/site\/wp-json\/wp\/v2\/posts"}],"about":[{"href":"https:\/\/oasisfm935.com.ar\/site\/wp-json\/wp\/v2\/types\/post"}],"author":[{"embeddable":true,"href":"https:\/\/oasisfm935.com.ar\/site\/wp-json\/wp\/v2\/users\/4"}],"replies":[{"embeddable":true,"href":"https:\/\/oasisfm935.com.ar\/site\/wp-json\/wp\/v2\/comments?post=6711"}],"version-history":[{"count":1,"href":"https:\/\/oasisfm935.com.ar\/site\/wp-json\/wp\/v2\/posts\/6711\/revisions"}],"predecessor-version":[{"id":6713,"href":"https:\/\/oasisfm935.com.ar\/site\/wp-json\/wp\/v2\/posts\/6711\/revisions\/6713"}],"wp:featuredmedia":[{"embeddable":true,"href":"https:\/\/oasisfm935.com.ar\/site\/wp-json\/wp\/v2\/media\/6712"}],"wp:attachment":[{"href":"https:\/\/oasisfm935.com.ar\/site\/wp-json\/wp\/v2\/media?parent=6711"}],"wp:term":[{"taxonomy":"category","embeddable":true,"href":"https:\/\/oasisfm935.com.ar\/site\/wp-json\/wp\/v2\/categories?post=6711"},{"taxonomy":"post_tag","embeddable":true,"href":"https:\/\/oasisfm935.com.ar\/site\/wp-json\/wp\/v2\/tags?post=6711"}],"curies":[{"name":"wp","href":"https:\/\/api.w.org\/{rel}","templated":true}]}}