{"id":6715,"date":"2020-09-10T18:02:41","date_gmt":"2020-09-10T21:02:41","guid":{"rendered":"http:\/\/oasisfm935.com\/site\/?p=6715"},"modified":"2020-09-10T18:02:41","modified_gmt":"2020-09-10T21:02:41","slug":"la-pampa-covid-19-bernardo-larroude-pasa-a-fase-1","status":"publish","type":"post","link":"https:\/\/oasisfm935.com.ar\/site\/la-pampa-covid-19-bernardo-larroude-pasa-a-fase-1\/","title":{"rendered":"La Pampa COVID-19: Bernardo Larroud\u00e9 pasa a Fase 1."},"content":{"rendered":"<p class=\"lead nota-detalle-bajada\">La medida se tom\u00f3 para\u00a0 identificar, aislar y cortar la cadena de contagios que pudiera dispararse en la localidad donde en las \u00faltimas horas se registraron 8 casos que elevaron \u00a0a 10 la cantidad de \u00a0positivos en Larroud\u00e9. Todos tienen nexo epidemiol\u00f3gico en Intendente Alvear.<\/p>\n<div class=\"nota-detalle-cuerpo\">La\u00a0 Fase 1 se extender\u00e1, inicialmente, por siete d\u00edas, lapso tras el cual, \u00a0y teniendo en cuenta la situaci\u00f3n epidemiol\u00f3gica, \u00a0las autoridades sanitarias resolver\u00e1n los pasos a seguir.<\/div>\n<div class=\"nota-detalle-cuerpo\">\nLa Gobierno Provincial realiza \u00a0un llamado a los vecinos para que durante ese tiempo redoblen el compromiso social y eviten salir de sus domicilios salvo en situaciones extraordinarias que as\u00ed lo merezcan.<\/div>\n<div class=\"nota-detalle-cuerpo\">\nLa no circulaci\u00f3n y el cumplimiento de las normas\u00a0 facilitar\u00e1n el trabajo de los agentes de salud que se abocar\u00e1n al rastreo intensivo de contactos estrechos y dem\u00e1s posibles vectores de contagio.<\/div>\n<div class=\"nota-detalle-cuerpo\">\nEl \u00a0operativo elaborado por la cartera de Salud ser\u00e1 acompa\u00f1ado por un dispositivo especial de las fuerzas de seguridad para contribuir a la efectividad de la focalizaci\u00f3n del virus.<\/div>\n<div><strong>Acceso al decreto -&gt;<\/strong><a href=\"https:\/\/www.lapampa.gob.ar\/images\/Archivos\/BoletinOficial\/2020\/SepIV3430.pdf\">https:\/\/www.lapampa.gob.ar\/images\/Archivos\/BoletinOficial\/2020\/SepIV3430.pdf<\/a><\/div>\n<div class=\"oasis-despues-del-contenido\" id=\"oasis-1531102486\"><img loading=\"lazy\" decoding=\"async\" src=\"https:\/\/oasisfm935.com.ar\/site\/wp-content\/uploads\/2020\/08\/47806202-8741-49f2-a5c9-d2f930e5baa1.jpg\" alt=\"\"  srcset=\"https:\/\/oasisfm935.com.ar\/site\/wp-content\/uploads\/2020\/08\/47806202-8741-49f2-a5c9-d2f930e5baa1.jpg 1080w, https:\/\/oasisfm935.com.ar\/site\/wp-content\/uploads\/2020\/08\/47806202-8741-49f2-a5c9-d2f930e5baa1-300x300.jpg 300w, https:\/\/oasisfm935.com.ar\/site\/wp-content\/uploads\/2020\/08\/47806202-8741-49f2-a5c9-d2f930e5baa1-1024x1024.jpg 1024w, https:\/\/oasisfm935.com.ar\/site\/wp-content\/uploads\/2020\/08\/47806202-8741-49f2-a5c9-d2f930e5baa1-150x150.jpg 150w, https:\/\/oasisfm935.com.ar\/site\/wp-content\/uploads\/2020\/08\/47806202-8741-49f2-a5c9-d2f930e5baa1-768x768.jpg 768w\" sizes=\"(max-width: 1080px) 100vw, 1080px\" class=\"no-lazyload\" width=\"1080\" height=\"1080\"  style=\"display: inline-block;\" \/><\/div>","protected":false},"excerpt":{"rendered":"<p>La medida se tom\u00f3 para\u00a0 identificar, aislar y cortar la cadena de contagios que pudiera dispararse en la localidad donde en las<\/p>\n","protected":false},"author":4,"featured_media":6716,"comment_status":"closed","ping_status":"open","sticky":false,"template":"","format":"standard","meta":{"colormag_page_layout":"default_layout","footnotes":""},"categories":[2],"tags":[],"class_list":["post-6715","post","type-post","status-publish","format-standard","has-post-thumbnail","hentry","category-noticias"],"_links":{"self":[{"href":"https:\/\/oasisfm935.com.ar\/site\/wp-json\/wp\/v2\/posts\/6715","targetHints":{"allow":["GET"]}}],"collection":[{"href":"https:\/\/oasisfm935.com.ar\/site\/wp-json\/wp\/v2\/posts"}],"about":[{"href":"https:\/\/oasisfm935.com.ar\/site\/wp-json\/wp\/v2\/types\/post"}],"author":[{"embeddable":true,"href":"https:\/\/oasisfm935.com.ar\/site\/wp-json\/wp\/v2\/users\/4"}],"replies":[{"embeddable":true,"href":"https:\/\/oasisfm935.com.ar\/site\/wp-json\/wp\/v2\/comments?post=6715"}],"version-history":[{"count":1,"href":"https:\/\/oasisfm935.com.ar\/site\/wp-json\/wp\/v2\/posts\/6715\/revisions"}],"predecessor-version":[{"id":6717,"href":"https:\/\/oasisfm935.com.ar\/site\/wp-json\/wp\/v2\/posts\/6715\/revisions\/6717"}],"wp:featuredmedia":[{"embeddable":true,"href":"https:\/\/oasisfm935.com.ar\/site\/wp-json\/wp\/v2\/media\/6716"}],"wp:attachment":[{"href":"https:\/\/oasisfm935.com.ar\/site\/wp-json\/wp\/v2\/media?parent=6715"}],"wp:term":[{"taxonomy":"category","embeddable":true,"href":"https:\/\/oasisfm935.com.ar\/site\/wp-json\/wp\/v2\/categories?post=6715"},{"taxonomy":"post_tag","embeddable":true,"href":"https:\/\/oasisfm935.com.ar\/site\/wp-json\/wp\/v2\/tags?post=6715"}],"curies":[{"name":"wp","href":"https:\/\/api.w.org\/{rel}","templated":true}]}}