{"id":6718,"date":"2020-09-10T19:43:36","date_gmt":"2020-09-10T22:43:36","guid":{"rendered":"http:\/\/oasisfm935.com\/site\/?p=6718"},"modified":"2020-09-10T19:43:58","modified_gmt":"2020-09-10T22:43:58","slug":"ziliotto-confirmo-que-el-lunes-comienzan-las-clases-presenciales-en-la-pampa","status":"publish","type":"post","link":"https:\/\/oasisfm935.com.ar\/site\/ziliotto-confirmo-que-el-lunes-comienzan-las-clases-presenciales-en-la-pampa\/","title":{"rendered":"Ziliotto confirm\u00f3 que el lunes comienzan las clases presenciales en La Pampa"},"content":{"rendered":"<p><strong>Este jueves a las 19 horas Ziliotto brinda una conferencia de prensa acompa\u00f1ado por el vice Fern\u00e1ndez y los ministros Kohan y Maccione<\/strong>. De todos modos, en la zona de 25 de Mayo, Santa Isabel y Alvear, al menos, no empiezan las clases presenciales el lunes pr\u00f3ximo.<\/p>\n<p>El lunes abren las escuelas\u00bb, confirm\u00f3 este jueves el gobernador Sergio Ziliotto en el marco de la conferencia de prensa que brinda en Casa de Gobierno.<\/p>\n<p>\u00abTenemos la situaci\u00f3n sanitaria o m\u00e1s contenida que podemos\u00bb, anticip\u00f3. Y rescat\u00f3 las medidas tomadas en la provincia: \u00abLa Pampa no es ajena a lo que pasa en el pa\u00eds. Hemos crecido en casos, no en la dimensi\u00f3n de otras provincias, muchas de ellas lim\u00edtrofes, porque hemos puesto en marcha distintas herramientas de parte del estado\u00bb.<\/p>\n<p>\u00abEste es el camino porque as\u00ed como ha evolucionado la pandemia ha mutado el virus. Ninguna direcci\u00f3n fue como la ciencia lo preve\u00eda lo que nos obliga a agudizar el ingenio en cada una de las medidas\u00bb, a\u00f1adi\u00f3.<\/p>\n<p>\u00abHemos iniciado una convivencia inteligente con el virus analizando cada cado para tomar las mejores decisiones. Cada uno tiene mucho estudio y fundamento\u00bb, destac\u00f3.<\/p>\n<p>De todos modos, la vuelta a clases presenciales anunciada para el lunes pr\u00f3ximo no ocurrir\u00e1 en varios puntos de la provincia. Al menos se postergar\u00e1 una semana. Eso suceder\u00e1 en 25 de Mayo y pueblos\u00a0 cercanos, en Santa Isabel, en Intendente Alvear y, probablemente, en La Adela.<\/p>\n<p>El gobernador se reuni\u00f3 el mi\u00e9rcoles \u00faltimo con el comit\u00e9 de crisis conformado en la provincia. Por eso se esperan algunos anuncios respecto al nivel de contagios este jueves. La \u00faltima vez que se refiri\u00f3 al tema, Ziliotto pidi\u00f3 m\u00e1s responsabilidad social para intentar contener la pandemia.<\/p>\n<p>Se espera que Ziliotto adem\u00e1s se refiera a la vuelta de las clases presenciales, bajo estricto protocolo, previsto para el lunes pr\u00f3ximo. Entre los gremios docentes descuentan que en la zona de 25 de Mayo y Alvear eso ser\u00e1 imposible. A pesar de la incertidumbre y los miedos de docentes y directivos, es probable que, de mantenerse el actual status sanitario, se ponga en marcha en el resto de la provincia.<\/p>\n<p>Seg\u00fan confirm\u00f3 El Diario, la coordinaci\u00f3n de Educaci\u00f3n de 25 de Mayo ya decidi\u00f3 que no empiezana las clases, al menos por una semana, en esa localidad, Villa Casa de Piedra, Gobernador Duval, Puel\u00e9n, Santa Isabel, La Humada y Algarrobo del \u00c1guila.<\/p>\n<p>Intendente Alvear contin\u00faa en fase 1, por lo que tampoco habr\u00e1 regreso a las aulas. Seguramente una medida similar se tomar\u00eda en La Adela, por la cercan\u00eda con localidades al otro lado del l\u00edmite provincial, con alta cantidad de casos.<\/p>\n<div class=\"oasis-despues-del-contenido\" id=\"oasis-3762340077\"><img loading=\"lazy\" decoding=\"async\" src=\"https:\/\/oasisfm935.com.ar\/site\/wp-content\/uploads\/2020\/08\/47806202-8741-49f2-a5c9-d2f930e5baa1.jpg\" alt=\"\"  srcset=\"https:\/\/oasisfm935.com.ar\/site\/wp-content\/uploads\/2020\/08\/47806202-8741-49f2-a5c9-d2f930e5baa1.jpg 1080w, https:\/\/oasisfm935.com.ar\/site\/wp-content\/uploads\/2020\/08\/47806202-8741-49f2-a5c9-d2f930e5baa1-300x300.jpg 300w, https:\/\/oasisfm935.com.ar\/site\/wp-content\/uploads\/2020\/08\/47806202-8741-49f2-a5c9-d2f930e5baa1-1024x1024.jpg 1024w, https:\/\/oasisfm935.com.ar\/site\/wp-content\/uploads\/2020\/08\/47806202-8741-49f2-a5c9-d2f930e5baa1-150x150.jpg 150w, https:\/\/oasisfm935.com.ar\/site\/wp-content\/uploads\/2020\/08\/47806202-8741-49f2-a5c9-d2f930e5baa1-768x768.jpg 768w\" sizes=\"(max-width: 1080px) 100vw, 1080px\" class=\"no-lazyload\" width=\"1080\" height=\"1080\"  style=\"display: inline-block;\" \/><\/div>","protected":false},"excerpt":{"rendered":"<p>Este jueves a las 19 horas Ziliotto brinda una conferencia de prensa acompa\u00f1ado por el vice Fern\u00e1ndez y los ministros Kohan y<\/p>\n","protected":false},"author":4,"featured_media":6719,"comment_status":"closed","ping_status":"open","sticky":false,"template":"","format":"standard","meta":{"colormag_page_layout":"default_layout","footnotes":""},"categories":[2],"tags":[],"class_list":["post-6718","post","type-post","status-publish","format-standard","has-post-thumbnail","hentry","category-noticias"],"_links":{"self":[{"href":"https:\/\/oasisfm935.com.ar\/site\/wp-json\/wp\/v2\/posts\/6718","targetHints":{"allow":["GET"]}}],"collection":[{"href":"https:\/\/oasisfm935.com.ar\/site\/wp-json\/wp\/v2\/posts"}],"about":[{"href":"https:\/\/oasisfm935.com.ar\/site\/wp-json\/wp\/v2\/types\/post"}],"author":[{"embeddable":true,"href":"https:\/\/oasisfm935.com.ar\/site\/wp-json\/wp\/v2\/users\/4"}],"replies":[{"embeddable":true,"href":"https:\/\/oasisfm935.com.ar\/site\/wp-json\/wp\/v2\/comments?post=6718"}],"version-history":[{"count":2,"href":"https:\/\/oasisfm935.com.ar\/site\/wp-json\/wp\/v2\/posts\/6718\/revisions"}],"predecessor-version":[{"id":6721,"href":"https:\/\/oasisfm935.com.ar\/site\/wp-json\/wp\/v2\/posts\/6718\/revisions\/6721"}],"wp:featuredmedia":[{"embeddable":true,"href":"https:\/\/oasisfm935.com.ar\/site\/wp-json\/wp\/v2\/media\/6719"}],"wp:attachment":[{"href":"https:\/\/oasisfm935.com.ar\/site\/wp-json\/wp\/v2\/media?parent=6718"}],"wp:term":[{"taxonomy":"category","embeddable":true,"href":"https:\/\/oasisfm935.com.ar\/site\/wp-json\/wp\/v2\/categories?post=6718"},{"taxonomy":"post_tag","embeddable":true,"href":"https:\/\/oasisfm935.com.ar\/site\/wp-json\/wp\/v2\/tags?post=6718"}],"curies":[{"name":"wp","href":"https:\/\/api.w.org\/{rel}","templated":true}]}}