{"id":6722,"date":"2020-09-10T20:56:41","date_gmt":"2020-09-10T23:56:41","guid":{"rendered":"http:\/\/oasisfm935.com\/site\/?p=6722"},"modified":"2020-09-10T20:56:41","modified_gmt":"2020-09-10T23:56:41","slug":"coronavirus-la-pampa-se-confirmaron-19-nuevos-casos-y-se-aislaron-a-2-411-personas","status":"publish","type":"post","link":"https:\/\/oasisfm935.com.ar\/site\/coronavirus-la-pampa-se-confirmaron-19-nuevos-casos-y-se-aislaron-a-2-411-personas\/","title":{"rendered":"Coronavirus La Pampa: Se confirmaron 19 nuevos casos y se aislaron a 2.411 personas"},"content":{"rendered":"<p class=\"lead nota-detalle-bajada\">El Gobierno de la provincia de La Pampa a trav\u00e9s del Ministerio de Salud comunic\u00f3 que horas de la tarde del d\u00eda de la fecha, jueves 10 de septiembre, se finaliz\u00f3 con el procesamiento de 99 muestras analizadas\u00a0en los laboratorios del Establecimiento Asistencial Gobernador Centeno, Hospital Lucio Molas y la Direcci\u00f3n de Epidemiolog\u00eda de las cuales 19 resultaron positivas para COVID-19, 2 de los diagnosticados residen en la ciudad de Santa Rosa, 9 en Bernardo Larroud\u00e9 y 8 en Intendente Alvear.<\/p>\n<div class=\"nota-detalle-cuerpo\">\n<p>Desde el inicio de la pandemia\u00a0en la Provincia, se registraron un total de 289 casos positivos para COVID-19, de los cuales 94 permanecen activos, 3 fallecieron y 192 se recuperaron. Los casos confirmados activos est\u00e1n distribuidos de la siguiente manera: 13 en la ciudad de Santa Rosa, 6 en General Pico, 1 en Catril\u00f3, 1 en Guatrach\u00e9, 4 en La Adela, 1 en Macach\u00edn, 10 en 25 de Mayo, 2 en Gobernador Duval, 3 en Toay, 40 en Intendente Alvear, 2 en General Acha y 11 en Bernardo Larroud\u00e9.<br \/>\nAl d\u00eda de la fecha se encuentran aisladas un total de 2.411 personas en toda la Provincia.<br \/>\nSe encuentran internadas 7 personas confirmadas para COVID-19, de las cuales 5 se encuentran en cl\u00ednica m\u00e9dica del Centro de Enfermedades de Asistencia Respiratoria (CEAR) y 2\u00a0en General Pico, una de ellas en cl\u00ednica m\u00e9dica y otra en terapia intensiva.<\/p>\n<\/div>\n<div class=\"oasis-despues-del-contenido\" id=\"oasis-784634717\"><img loading=\"lazy\" decoding=\"async\" src=\"https:\/\/oasisfm935.com.ar\/site\/wp-content\/uploads\/2020\/08\/47806202-8741-49f2-a5c9-d2f930e5baa1.jpg\" alt=\"\"  srcset=\"https:\/\/oasisfm935.com.ar\/site\/wp-content\/uploads\/2020\/08\/47806202-8741-49f2-a5c9-d2f930e5baa1.jpg 1080w, https:\/\/oasisfm935.com.ar\/site\/wp-content\/uploads\/2020\/08\/47806202-8741-49f2-a5c9-d2f930e5baa1-300x300.jpg 300w, https:\/\/oasisfm935.com.ar\/site\/wp-content\/uploads\/2020\/08\/47806202-8741-49f2-a5c9-d2f930e5baa1-1024x1024.jpg 1024w, https:\/\/oasisfm935.com.ar\/site\/wp-content\/uploads\/2020\/08\/47806202-8741-49f2-a5c9-d2f930e5baa1-150x150.jpg 150w, https:\/\/oasisfm935.com.ar\/site\/wp-content\/uploads\/2020\/08\/47806202-8741-49f2-a5c9-d2f930e5baa1-768x768.jpg 768w\" sizes=\"(max-width: 1080px) 100vw, 1080px\" class=\"no-lazyload\" width=\"1080\" height=\"1080\"  style=\"display: inline-block;\" \/><\/div>","protected":false},"excerpt":{"rendered":"<p>El Gobierno de la provincia de La Pampa a trav\u00e9s del Ministerio de Salud comunic\u00f3 que horas de la tarde del d\u00eda<\/p>\n","protected":false},"author":4,"featured_media":6723,"comment_status":"closed","ping_status":"open","sticky":false,"template":"","format":"standard","meta":{"colormag_page_layout":"default_layout","footnotes":""},"categories":[2],"tags":[],"class_list":["post-6722","post","type-post","status-publish","format-standard","has-post-thumbnail","hentry","category-noticias"],"_links":{"self":[{"href":"https:\/\/oasisfm935.com.ar\/site\/wp-json\/wp\/v2\/posts\/6722","targetHints":{"allow":["GET"]}}],"collection":[{"href":"https:\/\/oasisfm935.com.ar\/site\/wp-json\/wp\/v2\/posts"}],"about":[{"href":"https:\/\/oasisfm935.com.ar\/site\/wp-json\/wp\/v2\/types\/post"}],"author":[{"embeddable":true,"href":"https:\/\/oasisfm935.com.ar\/site\/wp-json\/wp\/v2\/users\/4"}],"replies":[{"embeddable":true,"href":"https:\/\/oasisfm935.com.ar\/site\/wp-json\/wp\/v2\/comments?post=6722"}],"version-history":[{"count":1,"href":"https:\/\/oasisfm935.com.ar\/site\/wp-json\/wp\/v2\/posts\/6722\/revisions"}],"predecessor-version":[{"id":6724,"href":"https:\/\/oasisfm935.com.ar\/site\/wp-json\/wp\/v2\/posts\/6722\/revisions\/6724"}],"wp:featuredmedia":[{"embeddable":true,"href":"https:\/\/oasisfm935.com.ar\/site\/wp-json\/wp\/v2\/media\/6723"}],"wp:attachment":[{"href":"https:\/\/oasisfm935.com.ar\/site\/wp-json\/wp\/v2\/media?parent=6722"}],"wp:term":[{"taxonomy":"category","embeddable":true,"href":"https:\/\/oasisfm935.com.ar\/site\/wp-json\/wp\/v2\/categories?post=6722"},{"taxonomy":"post_tag","embeddable":true,"href":"https:\/\/oasisfm935.com.ar\/site\/wp-json\/wp\/v2\/tags?post=6722"}],"curies":[{"name":"wp","href":"https:\/\/api.w.org\/{rel}","templated":true}]}}