{"id":6725,"date":"2020-09-11T12:09:53","date_gmt":"2020-09-11T15:09:53","guid":{"rendered":"http:\/\/oasisfm935.com\/site\/?p=6725"},"modified":"2020-09-11T12:09:53","modified_gmt":"2020-09-11T15:09:53","slug":"zanoli-y-la-ley-de-paridad-de-genero-instalara-con-mas-fuerza-en-la-agenda-politica-los-temas-que-les-importan-a-las-mujeres","status":"publish","type":"post","link":"https:\/\/oasisfm935.com.ar\/site\/zanoli-y-la-ley-de-paridad-de-genero-instalara-con-mas-fuerza-en-la-agenda-politica-los-temas-que-les-importan-a-las-mujeres\/","title":{"rendered":"Zanoli y la Ley de Paridad de G\u00e9nero: \u00abinstalar\u00e1 con m\u00e1s fuerza en la agenda pol\u00edtica los temas que les importan a las mujeres\u00bb"},"content":{"rendered":"<p>El presidente de la Comisi\u00f3n de Legislaci\u00f3n General, Cultura, Educaci\u00f3n y Asuntos Municipales Oscar Zanoli,se mostr\u00f3 satisfecho con la celeridad con la que se trat\u00f3 la Ley de Paridad de G\u00e9nero, que termin\u00f3 siendo aprobada por unanimidad.<\/p>\n<p>El legislador coment\u00f3 que el proyecto que fue aprobado ayer en forma un\u00e1nime entre todos los diputados, propone que las listas que se presentan para candidatos a diputados provinciales, concejales, vocales de comisiones de fomento,\u00a0<strong>deban respetar la igualdad de de g\u00e9nero ubicando de manera intercala a varones y mujeres, pudiendo ser encabeza la lista de manera indistinta.<\/strong><\/p>\n<p>Zanoli explic\u00f3 a\u00a0<strong>Zonal Noticias\u00a0<\/strong>que \u00aben el recinto se habl\u00f3 de muchas mujeres que trabajaron desde el anonimato, desde el silencio y yo la verdad que rescato el trabajo de muchas mujeres; las madres que trabajan d\u00eda a d\u00eda en la crianza de sus hijos, de tantas mujeres que salen a trabajar fuera de sus hogares, y creo que<strong>\u00a0este proyecto dignifica a todas las mujeres desde el lugar en el que se desempe\u00f1an\u00bb<\/strong>.<\/p>\n<p>El diputado destac\u00f3 que \u00abla\u00a0<strong>contundencia que tuvo la aprobaci\u00f3n del dictamen en la Comisi\u00f3n de Legislaci\u00f3n General que es la que presido<\/strong>,\u00a0<strong>expresa con claridad el avance del reclamo por la igualdad de derechos en nuestra sociedad\u00bb.<\/strong><\/p>\n<p>\u00abAc\u00e1 hay que aclarar que no s\u00f3lo se trata de que las mujeres accedan a la representaci\u00f3n pol\u00edtica o sindical, sino tambi\u00e9n que\u00a0<strong>dicha representaci\u00f3n instale cada vez con m\u00e1s fuerza en la agenda pol\u00edtica los temas que les importan y les afectan\u00bb<\/strong>, remarc\u00f3.<\/p>\n<p>A modo de ejemplo, se\u00f1al\u00f3 la necesidad de\u00a0<strong>\u00aberradicar la violencia en todas sus formas, la discriminaci\u00f3n en el mundo del trabajo, el no reconocimiento del trabajo que desarrollan en el hogar, entre otras cuestiones\u00bb.<\/strong><\/p>\n<p>\u00abFue un proyecto que se trat\u00f3 con mucha celeridad, entr\u00f3 un jueves, ese mismo d\u00eda llamamos desde la comisi\u00f3n de Legislaci\u00f3n General a la secretaria de la Mujer Liliana Robledo, nos pusimos de acuerdo, el martes se hizo un debate extenso porque todos quer\u00edan hacer su aporte y finalmente ya se sac\u00f3 dictamen favorable y por unanimidad\u00bb, explic\u00f3.<\/p>\n<p>Zanoli se\u00f1al\u00f3 \u00abeste jueves en el recinto general hubo muchos relatos y exposiciones de las legiladoras y algunos legisladores como en mi caso que tambi\u00e9n quisimos exponer lo que pens\u00e1bamos de la ley de Paridad de G\u00e9nero. Ojal\u00e1 encontremos este mismo camino para muchas leyes m\u00e1s, que nos unan como en este tema, y no nos separen, sobre todo trat\u00e1ndose de igualdad de derechos\u00bb, concluy\u00f3.<\/p>\n<div class=\"oasis-despues-del-contenido\" id=\"oasis-790984551\"><img loading=\"lazy\" decoding=\"async\" src=\"https:\/\/oasisfm935.com.ar\/site\/wp-content\/uploads\/2020\/08\/47806202-8741-49f2-a5c9-d2f930e5baa1.jpg\" alt=\"\"  srcset=\"https:\/\/oasisfm935.com.ar\/site\/wp-content\/uploads\/2020\/08\/47806202-8741-49f2-a5c9-d2f930e5baa1.jpg 1080w, https:\/\/oasisfm935.com.ar\/site\/wp-content\/uploads\/2020\/08\/47806202-8741-49f2-a5c9-d2f930e5baa1-300x300.jpg 300w, https:\/\/oasisfm935.com.ar\/site\/wp-content\/uploads\/2020\/08\/47806202-8741-49f2-a5c9-d2f930e5baa1-1024x1024.jpg 1024w, https:\/\/oasisfm935.com.ar\/site\/wp-content\/uploads\/2020\/08\/47806202-8741-49f2-a5c9-d2f930e5baa1-150x150.jpg 150w, https:\/\/oasisfm935.com.ar\/site\/wp-content\/uploads\/2020\/08\/47806202-8741-49f2-a5c9-d2f930e5baa1-768x768.jpg 768w\" sizes=\"(max-width: 1080px) 100vw, 1080px\" class=\"no-lazyload\" width=\"1080\" height=\"1080\"  style=\"display: inline-block;\" \/><\/div>","protected":false},"excerpt":{"rendered":"<p>El presidente de la Comisi\u00f3n de Legislaci\u00f3n General, Cultura, Educaci\u00f3n y Asuntos Municipales Oscar Zanoli,se mostr\u00f3 satisfecho con la celeridad con la<\/p>\n","protected":false},"author":4,"featured_media":6727,"comment_status":"closed","ping_status":"open","sticky":false,"template":"","format":"standard","meta":{"colormag_page_layout":"default_layout","footnotes":""},"categories":[2],"tags":[],"class_list":["post-6725","post","type-post","status-publish","format-standard","has-post-thumbnail","hentry","category-noticias"],"_links":{"self":[{"href":"https:\/\/oasisfm935.com.ar\/site\/wp-json\/wp\/v2\/posts\/6725","targetHints":{"allow":["GET"]}}],"collection":[{"href":"https:\/\/oasisfm935.com.ar\/site\/wp-json\/wp\/v2\/posts"}],"about":[{"href":"https:\/\/oasisfm935.com.ar\/site\/wp-json\/wp\/v2\/types\/post"}],"author":[{"embeddable":true,"href":"https:\/\/oasisfm935.com.ar\/site\/wp-json\/wp\/v2\/users\/4"}],"replies":[{"embeddable":true,"href":"https:\/\/oasisfm935.com.ar\/site\/wp-json\/wp\/v2\/comments?post=6725"}],"version-history":[{"count":1,"href":"https:\/\/oasisfm935.com.ar\/site\/wp-json\/wp\/v2\/posts\/6725\/revisions"}],"predecessor-version":[{"id":6728,"href":"https:\/\/oasisfm935.com.ar\/site\/wp-json\/wp\/v2\/posts\/6725\/revisions\/6728"}],"wp:featuredmedia":[{"embeddable":true,"href":"https:\/\/oasisfm935.com.ar\/site\/wp-json\/wp\/v2\/media\/6727"}],"wp:attachment":[{"href":"https:\/\/oasisfm935.com.ar\/site\/wp-json\/wp\/v2\/media?parent=6725"}],"wp:term":[{"taxonomy":"category","embeddable":true,"href":"https:\/\/oasisfm935.com.ar\/site\/wp-json\/wp\/v2\/categories?post=6725"},{"taxonomy":"post_tag","embeddable":true,"href":"https:\/\/oasisfm935.com.ar\/site\/wp-json\/wp\/v2\/tags?post=6725"}],"curies":[{"name":"wp","href":"https:\/\/api.w.org\/{rel}","templated":true}]}}