{"id":6730,"date":"2020-09-11T13:26:58","date_gmt":"2020-09-11T16:26:58","guid":{"rendered":"http:\/\/oasisfm935.com\/site\/?p=6730"},"modified":"2020-09-11T13:27:10","modified_gmt":"2020-09-11T16:27:10","slug":"la-pampa-covid-19-detectaron-tres-nuevos-casos-positivos-de-coronavirus","status":"publish","type":"post","link":"https:\/\/oasisfm935.com.ar\/site\/la-pampa-covid-19-detectaron-tres-nuevos-casos-positivos-de-coronavirus\/","title":{"rendered":"La Pampa COVID-19: Detectaron tres nuevos casos positivos de coronavirus."},"content":{"rendered":"<p>El Gobierno de la provincia de La Pampa a trav\u00e9s del Ministerio de Salud comunica que horas de la ma\u00f1ana del d\u00eda 11 de septiembre, se finaliz\u00f3 con el procesamiento de 22 muestras de las cuales 3 resultaron positivas para COVID-19, dos de ellas pertenecen a la provincia de La Pampa, una de las personas reside en Catril\u00f3 y la otra en Santa Rosa, se est\u00e1 trabajando en la investigaci\u00f3n epidemiol\u00f3gica de los casos.<\/p>\n<p><strong>Tercera<\/strong>\u00a0<strong>muestra<\/strong>\u00a0<strong>confirmada<\/strong><br \/>\nLa tercera muestra que result\u00f3 positiva en la ma\u00f1ana de hoy, hace referencia a una se\u00f1ora que vive en Villa Regina, provincia de R\u00edo Negro. La paciente se encuentra cursando una enfermedad y por falta de atenci\u00f3n en la provincia rionegrina, y frente al hecho de que la se\u00f1ora presenta domicilio en la provincia de La Pampa, el Gobierno provincial le otorg\u00f3 la posibilidad de atenci\u00f3n en la localidad de\u00a0 Santa Rosa.<\/p>\n<p>Desde R\u00edo Negro hab\u00edan informado que la paciente era negativa para COVID-19, al repetir el hisopado en La Pampa se pudo constatar que esa informaci\u00f3n era err\u00f3nea, ya que la muestra nasofar\u00edngea result\u00f3 positiva para este nuevo virus. La paciente se encuentra internada en el Centro de Asistencia de Enfermedades Respiratorias, siendo atendida por profesionales de Salud P\u00fablica.<\/p>\n<p dir=\"ltr\">Situaci\u00f3n provincial<br \/>\nDesde el inicio de la pandemia, en la Provincia, se registraron un total 291 casos positivos para COVID-19, de los cuales 96 permanecen activos, 3 han fallecido y 192 se han recuperado. Los casos confirmados activos est\u00e1n distribuidos de la siguiente manera: 14 en la ciudad de Santa Rosa, 6 en General Pico, 2 en Catril\u00f3, 1 en Guatrach\u00e9, 4 en La Adela, 1 en Macach\u00edn, 10 en 25 de Mayo, 2 en Gobernador Duval, 3 en Toay, 40 en Intendente Alvear, 2 en General Acha y 11 en Bernardo Larroud\u00e9.<br \/>\nAl d\u00eda de la fecha se encuentran aislados un total de 2573 personas en toda la Provincia.<\/p>\n<p dir=\"ltr\">Se encuentran internadas 11 personas confirmadas para COVID-19. En General Pico 4 personas, 1 en terapia intensiva con pron\u00f3stico reservado\u00a0 y 3 en cl\u00ednica m\u00e9dica. En el Centro de Enfermedades de Asistencia Respiratoria de Santa Rosa, 7 personas, de las cuales 1 se encuentra en terapia intensiva y 6 en cl\u00ednica m\u00e9dica.<\/p>\n<div class=\"oasis-despues-del-contenido\" id=\"oasis-2465710065\"><img loading=\"lazy\" decoding=\"async\" src=\"https:\/\/oasisfm935.com.ar\/site\/wp-content\/uploads\/2020\/08\/47806202-8741-49f2-a5c9-d2f930e5baa1.jpg\" alt=\"\"  srcset=\"https:\/\/oasisfm935.com.ar\/site\/wp-content\/uploads\/2020\/08\/47806202-8741-49f2-a5c9-d2f930e5baa1.jpg 1080w, https:\/\/oasisfm935.com.ar\/site\/wp-content\/uploads\/2020\/08\/47806202-8741-49f2-a5c9-d2f930e5baa1-300x300.jpg 300w, https:\/\/oasisfm935.com.ar\/site\/wp-content\/uploads\/2020\/08\/47806202-8741-49f2-a5c9-d2f930e5baa1-1024x1024.jpg 1024w, https:\/\/oasisfm935.com.ar\/site\/wp-content\/uploads\/2020\/08\/47806202-8741-49f2-a5c9-d2f930e5baa1-150x150.jpg 150w, https:\/\/oasisfm935.com.ar\/site\/wp-content\/uploads\/2020\/08\/47806202-8741-49f2-a5c9-d2f930e5baa1-768x768.jpg 768w\" sizes=\"(max-width: 1080px) 100vw, 1080px\" class=\"no-lazyload\" width=\"1080\" height=\"1080\"  style=\"display: inline-block;\" \/><\/div>","protected":false},"excerpt":{"rendered":"<p>El Gobierno de la provincia de La Pampa a trav\u00e9s del Ministerio de Salud comunica que horas de la ma\u00f1ana del d\u00eda<\/p>\n","protected":false},"author":4,"featured_media":6731,"comment_status":"closed","ping_status":"open","sticky":false,"template":"","format":"standard","meta":{"colormag_page_layout":"default_layout","footnotes":""},"categories":[2],"tags":[],"class_list":["post-6730","post","type-post","status-publish","format-standard","has-post-thumbnail","hentry","category-noticias"],"_links":{"self":[{"href":"https:\/\/oasisfm935.com.ar\/site\/wp-json\/wp\/v2\/posts\/6730","targetHints":{"allow":["GET"]}}],"collection":[{"href":"https:\/\/oasisfm935.com.ar\/site\/wp-json\/wp\/v2\/posts"}],"about":[{"href":"https:\/\/oasisfm935.com.ar\/site\/wp-json\/wp\/v2\/types\/post"}],"author":[{"embeddable":true,"href":"https:\/\/oasisfm935.com.ar\/site\/wp-json\/wp\/v2\/users\/4"}],"replies":[{"embeddable":true,"href":"https:\/\/oasisfm935.com.ar\/site\/wp-json\/wp\/v2\/comments?post=6730"}],"version-history":[{"count":2,"href":"https:\/\/oasisfm935.com.ar\/site\/wp-json\/wp\/v2\/posts\/6730\/revisions"}],"predecessor-version":[{"id":6733,"href":"https:\/\/oasisfm935.com.ar\/site\/wp-json\/wp\/v2\/posts\/6730\/revisions\/6733"}],"wp:featuredmedia":[{"embeddable":true,"href":"https:\/\/oasisfm935.com.ar\/site\/wp-json\/wp\/v2\/media\/6731"}],"wp:attachment":[{"href":"https:\/\/oasisfm935.com.ar\/site\/wp-json\/wp\/v2\/media?parent=6730"}],"wp:term":[{"taxonomy":"category","embeddable":true,"href":"https:\/\/oasisfm935.com.ar\/site\/wp-json\/wp\/v2\/categories?post=6730"},{"taxonomy":"post_tag","embeddable":true,"href":"https:\/\/oasisfm935.com.ar\/site\/wp-json\/wp\/v2\/tags?post=6730"}],"curies":[{"name":"wp","href":"https:\/\/api.w.org\/{rel}","templated":true}]}}