{"id":674,"date":"2019-02-06T12:11:22","date_gmt":"2019-02-06T15:11:22","guid":{"rendered":"http:\/\/oasisfm935.com\/site\/?p=674"},"modified":"2019-02-06T12:11:37","modified_gmt":"2019-02-06T15:11:37","slug":"a-quien-votarias-en-la-interna-del-frente-cambiemos-en-ing-luiggi","status":"publish","type":"post","link":"https:\/\/oasisfm935.com.ar\/site\/a-quien-votarias-en-la-interna-del-frente-cambiemos-en-ing-luiggi\/","title":{"rendered":"\u00bfA qui\u00e9n votar\u00edas en la interna del Frente Cambiemos en Ing. Luiggi?"},"content":{"rendered":"<div class=\"itemImageBlock\">\n<p><span class=\"itemImageCaption\">Sondeo de Zonal Noticias en las internas del Frente Cambiemos de Ingeniero Luiggi\u00a0\u00a0<\/span><span class=\"itemImageCredits\">Zonal Noticias &#8211; Ingeniero Luiggi<\/span><\/p>\n<div class=\"clr\"><\/div>\n<\/div>\n<div class=\"itemIntroText\">\n<p><strong>Zonal Noticias lanza un sondeo de opini\u00f3n sobre la interna del Frente Cambiemos en Luiggi.<\/strong><\/p>\n<\/div>\n<div class=\"itemFullText\">\n<blockquote><p><strong>El radicalismo y el PRO de Ingeniero Luiggi, definir\u00e1n en internas los candidatos locales del Frente Cambiemos que competir\u00e1n por la intendencia en las elecciones generales de mayo.<\/strong><\/p><\/blockquote>\n<p>Adem\u00e1s de poner en disputa las candidaturas por la Gobernaci\u00f3n y autoridades provinciales, Cambiemos tendr\u00e1 internas en otras cinco localidades pampeanas para dirimir sus postulaciones locales.<\/p>\n<p>En\u00a0<strong>Ingeniero Luiggi<\/strong>\u00a0competir\u00e1n en las internas del pr\u00f3ximo domingo 17 de febrero la concejal\u00a0<strong>Soledad Mir por la UCR, y Daniel Gil, por el PRO<\/strong>.<\/p>\n<blockquote><p><strong>El PRO lleva\u00a0<\/strong><strong>como postulantes<\/strong><strong>\u00a0al Concejo a Jorge Mart\u00ednez,\u00a0<\/strong><strong>Patricia Sierra, Carlos Fenoglio, Paola Alonso y Leandro Franchetto, y como\u00a0<\/strong><strong>jueza de Paz a Marcela Cantelmi.<\/strong><\/p>\n<p>En tanto\u00a0<strong>la lista de concejales del radicalismo la encabeza Cristina Salvadori<\/strong>, acompa\u00f1ada por Carmelo Cornejo, Jorge Poma, Ana \u00c1lvarez y Mar\u00eda Bel\u00e9n Arana, con\u00a0<strong>Ana Lis Calder\u00f3n como postulante al Juzgado de Paz.<\/strong><\/p><\/blockquote>\n<p><strong>\u00a0Nuestro portal Zonal Noticias lanza por primera vez un sondeo previo a una elecci\u00f3n interna a nivel local.<\/strong><\/p>\n<p>La iniciativa fue consensuada por el equipo de este medio mediante varios mensajes de lectores que preguntaban si har\u00edamos una encuesta de cara a las internas, fue as\u00ed como nuestro equipo lanza hoy esta medici\u00f3n de intensi\u00f3n de votos.<\/p>\n<blockquote><p>Vot\u00e1 haciendo click en el siguiente enlace:\u00a0<strong><a href=\"https:\/\/goo.gl\/forms\/o0e77USEqdHumAyy2?fbclid=IwAR0NVAAM4EbZHvQRSxj__gIaFVQLdzulYHVZCnjVIrWQnvRKp2dCbBn2Uvc\" target=\"_blank\" rel=\"nofollow noopener noreferrer\" data-lynx-mode=\"hover\" data-lynx-uri=\"https:\/\/l.facebook.com\/l.php?u=https%3A%2F%2Fgoo.gl%2Fforms%2Fo0e77USEqdHumAyy2%3Ffbclid%3DIwAR0NVAAM4EbZHvQRSxj__gIaFVQLdzulYHVZCnjVIrWQnvRKp2dCbBn2Uvc&amp;h=AT2IgjFbEzv025rDa9cqolPT5ZLtgBOWJcAGDtc1u-7Q5BGVEHT0fa5SD-FIw8qSiaGHYXsqVJGxjqc10iFf7bPc8Lx5sZ5xSjnEGhRDmx6CEIPjpj-P-SAFfPOC-LUcSW8\">https:\/\/goo.gl\/forms\/o0e77USEqdHumAyy2<\/a><\/strong><\/p><\/blockquote>\n<\/div>\n<div class=\"oasis-despues-del-contenido\" id=\"oasis-3507804446\"><img loading=\"lazy\" decoding=\"async\" src=\"https:\/\/oasisfm935.com.ar\/site\/wp-content\/uploads\/2020\/08\/47806202-8741-49f2-a5c9-d2f930e5baa1.jpg\" alt=\"\"  srcset=\"https:\/\/oasisfm935.com.ar\/site\/wp-content\/uploads\/2020\/08\/47806202-8741-49f2-a5c9-d2f930e5baa1.jpg 1080w, https:\/\/oasisfm935.com.ar\/site\/wp-content\/uploads\/2020\/08\/47806202-8741-49f2-a5c9-d2f930e5baa1-300x300.jpg 300w, https:\/\/oasisfm935.com.ar\/site\/wp-content\/uploads\/2020\/08\/47806202-8741-49f2-a5c9-d2f930e5baa1-1024x1024.jpg 1024w, https:\/\/oasisfm935.com.ar\/site\/wp-content\/uploads\/2020\/08\/47806202-8741-49f2-a5c9-d2f930e5baa1-150x150.jpg 150w, https:\/\/oasisfm935.com.ar\/site\/wp-content\/uploads\/2020\/08\/47806202-8741-49f2-a5c9-d2f930e5baa1-768x768.jpg 768w\" sizes=\"(max-width: 1080px) 100vw, 1080px\" class=\"no-lazyload\" width=\"1080\" height=\"1080\"  style=\"display: inline-block;\" \/><\/div>","protected":false},"excerpt":{"rendered":"<p>Sondeo de Zonal Noticias en las internas del Frente Cambiemos de Ingeniero Luiggi\u00a0\u00a0Zonal Noticias &#8211; Ingeniero Luiggi Zonal Noticias lanza un sondeo<\/p>\n","protected":false},"author":4,"featured_media":672,"comment_status":"closed","ping_status":"open","sticky":false,"template":"","format":"standard","meta":{"colormag_page_layout":"default_layout","footnotes":""},"categories":[2],"tags":[],"class_list":["post-674","post","type-post","status-publish","format-standard","has-post-thumbnail","hentry","category-noticias"],"_links":{"self":[{"href":"https:\/\/oasisfm935.com.ar\/site\/wp-json\/wp\/v2\/posts\/674","targetHints":{"allow":["GET"]}}],"collection":[{"href":"https:\/\/oasisfm935.com.ar\/site\/wp-json\/wp\/v2\/posts"}],"about":[{"href":"https:\/\/oasisfm935.com.ar\/site\/wp-json\/wp\/v2\/types\/post"}],"author":[{"embeddable":true,"href":"https:\/\/oasisfm935.com.ar\/site\/wp-json\/wp\/v2\/users\/4"}],"replies":[{"embeddable":true,"href":"https:\/\/oasisfm935.com.ar\/site\/wp-json\/wp\/v2\/comments?post=674"}],"version-history":[{"count":2,"href":"https:\/\/oasisfm935.com.ar\/site\/wp-json\/wp\/v2\/posts\/674\/revisions"}],"predecessor-version":[{"id":676,"href":"https:\/\/oasisfm935.com.ar\/site\/wp-json\/wp\/v2\/posts\/674\/revisions\/676"}],"wp:featuredmedia":[{"embeddable":true,"href":"https:\/\/oasisfm935.com.ar\/site\/wp-json\/wp\/v2\/media\/672"}],"wp:attachment":[{"href":"https:\/\/oasisfm935.com.ar\/site\/wp-json\/wp\/v2\/media?parent=674"}],"wp:term":[{"taxonomy":"category","embeddable":true,"href":"https:\/\/oasisfm935.com.ar\/site\/wp-json\/wp\/v2\/categories?post=674"},{"taxonomy":"post_tag","embeddable":true,"href":"https:\/\/oasisfm935.com.ar\/site\/wp-json\/wp\/v2\/tags?post=674"}],"curies":[{"name":"wp","href":"https:\/\/api.w.org\/{rel}","templated":true}]}}