{"id":6783,"date":"2020-09-13T21:27:42","date_gmt":"2020-09-14T00:27:42","guid":{"rendered":"http:\/\/oasisfm935.com\/site\/?p=6783"},"modified":"2020-09-13T21:27:42","modified_gmt":"2020-09-14T00:27:42","slug":"coronavirus-la-pampa-se-confirmaron-28-nuevos-casos-y-en-total-hay-4-151-aislados","status":"publish","type":"post","link":"https:\/\/oasisfm935.com.ar\/site\/coronavirus-la-pampa-se-confirmaron-28-nuevos-casos-y-en-total-hay-4-151-aislados\/","title":{"rendered":"Coronavirus La Pampa: Se confirmaron 28 nuevos casos y en total hay 4.151 aislados."},"content":{"rendered":"<p>El Gobierno de la provincia de La Pampa a trav\u00e9s del Ministerio de Salud comunica que en horas de la tarde del d\u00eda 13 de septiembre, se finaliz\u00f3 con el procesamiento de 106 muestras, en los laboratorios de Epidemiolog\u00eda, del Hospital Lucio Molas y del Gobernador Centeno, de las cuales 28 resultaron positivas para COVID-19, de ellas 16 residen en la localidad de Intendente Alvear, 5 en Larroud\u00e9, 5 en Realic\u00f3 y 2 en Ranc\u00fal.<\/p>\n<p>*Es importante resaltar que todos los casos confirmados en el d\u00eda de la fecha\u00a0 eran contacto y contacto estrecho de casos positivos, motivo por el cual se encontraban cumpliendo estricto aislamiento. Esta medida que ha tomado el Gobierno provincial, de aislar contactos de contactos, favorece a frenar la diseminaci\u00f3n\u00a0 del virus .<\/p>\n<p>\u2022 FE DE ERRATAS: Los dos casos positivos adjudicados en la ma\u00f1ana de hoy a la localidad de Catril\u00f3, pertenec\u00edan a la localidad de Pellegrini (provincia de Buenos Aires.) Motivo por el cual Catril\u00f3, en el d\u00eda de hoy, no sum\u00f3 nuevos casos positivos.<\/p>\n<p><strong>Situaci\u00f3n Provincial<\/strong><br \/>\nDesde el inicio de la pandemia, en nuestra Provincia, se registraron un total 410 casos positivos para COVID-19, de los cuales 211 permanecen activos, 3 han fallecido y 196 se han recuperado. Los casos confirmados activos est\u00e1n distribuidos de la siguiente manera: 119 en Intendente Alvear, 21 en Santa Rosa, 15 en 25 de Mayo, 24 en B. Larroud\u00e9, 9 en General Pico, 3 en Catril\u00f3, 3 en La Adela, 1 en Macach\u00edn, 4 en Toay, 2 en General Acha, 7 en Realic\u00f3, 2 en Ranc\u00fal y 1 en Doblas.<\/p>\n<p><strong>Al d\u00eda de la fecha se encuentran aisladas un total de 4151 personas en toda la Provincia<\/strong><\/p>\n<p>Se encuentran internadas 10 personas confirmadas para COVID-19. En General Pico 5 personas, 3 en Terapia intensiva con pron\u00f3stico reservado y 2 en cl\u00ednica m\u00e9dica. En el Centro Emergente de Asistencia Respiratoria de Santa Rosa, 5 personas, de las cuales 1 se encuentra en Terapia Intensiva y 4 en cl\u00ednica m\u00e9dica.<\/p>\n<div class=\"oasis-despues-del-contenido\" id=\"oasis-2137386146\"><img loading=\"lazy\" decoding=\"async\" src=\"https:\/\/oasisfm935.com.ar\/site\/wp-content\/uploads\/2020\/08\/47806202-8741-49f2-a5c9-d2f930e5baa1.jpg\" alt=\"\"  srcset=\"https:\/\/oasisfm935.com.ar\/site\/wp-content\/uploads\/2020\/08\/47806202-8741-49f2-a5c9-d2f930e5baa1.jpg 1080w, https:\/\/oasisfm935.com.ar\/site\/wp-content\/uploads\/2020\/08\/47806202-8741-49f2-a5c9-d2f930e5baa1-300x300.jpg 300w, https:\/\/oasisfm935.com.ar\/site\/wp-content\/uploads\/2020\/08\/47806202-8741-49f2-a5c9-d2f930e5baa1-1024x1024.jpg 1024w, https:\/\/oasisfm935.com.ar\/site\/wp-content\/uploads\/2020\/08\/47806202-8741-49f2-a5c9-d2f930e5baa1-150x150.jpg 150w, https:\/\/oasisfm935.com.ar\/site\/wp-content\/uploads\/2020\/08\/47806202-8741-49f2-a5c9-d2f930e5baa1-768x768.jpg 768w\" sizes=\"(max-width: 1080px) 100vw, 1080px\" class=\"no-lazyload\" width=\"1080\" height=\"1080\"  style=\"display: inline-block;\" \/><\/div>","protected":false},"excerpt":{"rendered":"<p>El Gobierno de la provincia de La Pampa a trav\u00e9s del Ministerio de Salud comunica que en horas de la tarde del<\/p>\n","protected":false},"author":4,"featured_media":6784,"comment_status":"closed","ping_status":"open","sticky":false,"template":"","format":"standard","meta":{"colormag_page_layout":"default_layout","footnotes":""},"categories":[2],"tags":[],"class_list":["post-6783","post","type-post","status-publish","format-standard","has-post-thumbnail","hentry","category-noticias"],"_links":{"self":[{"href":"https:\/\/oasisfm935.com.ar\/site\/wp-json\/wp\/v2\/posts\/6783","targetHints":{"allow":["GET"]}}],"collection":[{"href":"https:\/\/oasisfm935.com.ar\/site\/wp-json\/wp\/v2\/posts"}],"about":[{"href":"https:\/\/oasisfm935.com.ar\/site\/wp-json\/wp\/v2\/types\/post"}],"author":[{"embeddable":true,"href":"https:\/\/oasisfm935.com.ar\/site\/wp-json\/wp\/v2\/users\/4"}],"replies":[{"embeddable":true,"href":"https:\/\/oasisfm935.com.ar\/site\/wp-json\/wp\/v2\/comments?post=6783"}],"version-history":[{"count":1,"href":"https:\/\/oasisfm935.com.ar\/site\/wp-json\/wp\/v2\/posts\/6783\/revisions"}],"predecessor-version":[{"id":6785,"href":"https:\/\/oasisfm935.com.ar\/site\/wp-json\/wp\/v2\/posts\/6783\/revisions\/6785"}],"wp:featuredmedia":[{"embeddable":true,"href":"https:\/\/oasisfm935.com.ar\/site\/wp-json\/wp\/v2\/media\/6784"}],"wp:attachment":[{"href":"https:\/\/oasisfm935.com.ar\/site\/wp-json\/wp\/v2\/media?parent=6783"}],"wp:term":[{"taxonomy":"category","embeddable":true,"href":"https:\/\/oasisfm935.com.ar\/site\/wp-json\/wp\/v2\/categories?post=6783"},{"taxonomy":"post_tag","embeddable":true,"href":"https:\/\/oasisfm935.com.ar\/site\/wp-json\/wp\/v2\/tags?post=6783"}],"curies":[{"name":"wp","href":"https:\/\/api.w.org\/{rel}","templated":true}]}}