{"id":6799,"date":"2020-09-14T17:15:53","date_gmt":"2020-09-14T20:15:53","guid":{"rendered":"http:\/\/oasisfm935.com\/site\/?p=6799"},"modified":"2020-09-14T17:15:53","modified_gmt":"2020-09-14T20:15:53","slug":"covid-realico-avisa-que-en-tres-dias-podria-regresar-a-fase-1","status":"publish","type":"post","link":"https:\/\/oasisfm935.com.ar\/site\/covid-realico-avisa-que-en-tres-dias-podria-regresar-a-fase-1\/","title":{"rendered":"Covid: Realic\u00f3 avisa que en tres d\u00edas podr\u00eda regresar a fase 1"},"content":{"rendered":"<p>El intendente<strong>\u00a0Jos\u00e9 Alvarez\u00a0<\/strong>dijo en el mediod\u00eda de este lunes que\u00a0<strong>analizar\u00e1n en las pr\u00f3ximas 72 horas, junto al Gobierno provincial, si regresan a fase 1 o si siguen en fase 5<\/strong>.<\/p>\n<p><strong>\u201cNos vamos a tomar 72 horas. Vamos a ver. Si esto sigue avanzando, volveremos a fase 1\u201d<\/strong>, avis\u00f3.<\/p>\n<p>\u201cLes pido que tomemos las medidas de manera extrema por que la situaci\u00f3n es compleja y en estas 72 horas vamos a evaluar la decisi\u00f3n, de no agravarse continuaremos igual y sino ya est\u00e1 tomada la decisi\u00f3n de volver a fase 1\u201d, dijo.<\/p>\n<p>Estuvo acompa\u00f1ado por la directora de Epidemiolog\u00eda del Gobierno de La Pampa, Ana Bertone, y por el director del Hospital Virgilio Ted\u00edn Uriburu, Leandro Deambrossio.<\/p>\n<p>Actualmente en Realic\u00f3 hay 7 casos activos. Inclusos polic\u00edas, por lo que tuvieron que aislar a todos los uniformados.<\/p>\n<p>En tanto, el Gobierno de la provincia de La Pampa comunic\u00f3 que en la ma\u00f1ana de hoy se registraron cuatro positivos, ninguno en Realic\u00f3:\u00a0<strong>tres de las muestras confirmadas se corresponden a personas con residencia en la localidad de Intendente Alvear y 1 en General Acha.<\/strong><\/p>\n<p>Los casos confirmados eran<strong>\u00a0contactos estrechos de casos positivo<\/strong>s y se encontraban aislados como medida preventiva, evitando la diseminaci\u00f3n del virus.<\/p>\n<div class=\"g g-1\">\n<p>En la provincia, desde el inicio de la pandemia se registraron un total de 414 casos positivos para Covid-19, de los cuales 212 permanecen activos, 3 han fallecido y 199 se han recuperado, entre ellos se encuentran 3 personas de la localidad de La Adela, a las que se le otorg\u00f3 el alta m\u00e9dica en el d\u00eda de hoy.<\/p>\n<p>Los casos confirmados activos est\u00e1n distribuidos de la siguiente manera: 122 en Intendente Alvear, 21 en Santa Rosa, 15 en 25 de Mayo, 24 en Bernardo Larroud\u00e9, 9 en General Pico, 3 en Catril\u00f3, 1 en Macach\u00edn, 4 en Toay, 3 en General Acha, 7 en Realic\u00f3, 2 en Rancul y 1 en Doblas.<\/p>\n<p>Seg\u00fan inform\u00f3 el Ministerio de Salud, al d\u00eda de la fecha se encuentran aisladas un total de 4161 personas en toda la provincia.<\/p>\n<p>Se encuentran internadas 12 personas confirmadas para Covid-19. En General Pico hay 3 en terapia intensiva con pron\u00f3stico reservado y 4 en cl\u00ednica m\u00e9dica. En tanto, en el Centro Emergente de Asistencia Respiratoria (CEAR) de Santa Rosa, se encuentran internadas 5 personas en cl\u00ednica m\u00e9dica.<\/p>\n<\/div>\n<div class=\"oasis-despues-del-contenido\" id=\"oasis-57652109\"><img loading=\"lazy\" decoding=\"async\" src=\"https:\/\/oasisfm935.com.ar\/site\/wp-content\/uploads\/2020\/08\/47806202-8741-49f2-a5c9-d2f930e5baa1.jpg\" alt=\"\"  srcset=\"https:\/\/oasisfm935.com.ar\/site\/wp-content\/uploads\/2020\/08\/47806202-8741-49f2-a5c9-d2f930e5baa1.jpg 1080w, https:\/\/oasisfm935.com.ar\/site\/wp-content\/uploads\/2020\/08\/47806202-8741-49f2-a5c9-d2f930e5baa1-300x300.jpg 300w, https:\/\/oasisfm935.com.ar\/site\/wp-content\/uploads\/2020\/08\/47806202-8741-49f2-a5c9-d2f930e5baa1-1024x1024.jpg 1024w, https:\/\/oasisfm935.com.ar\/site\/wp-content\/uploads\/2020\/08\/47806202-8741-49f2-a5c9-d2f930e5baa1-150x150.jpg 150w, https:\/\/oasisfm935.com.ar\/site\/wp-content\/uploads\/2020\/08\/47806202-8741-49f2-a5c9-d2f930e5baa1-768x768.jpg 768w\" sizes=\"(max-width: 1080px) 100vw, 1080px\" class=\"no-lazyload\" width=\"1080\" height=\"1080\"  style=\"display: inline-block;\" \/><\/div>","protected":false},"excerpt":{"rendered":"<p>El intendente\u00a0Jos\u00e9 Alvarez\u00a0dijo en el mediod\u00eda de este lunes que\u00a0analizar\u00e1n en las pr\u00f3ximas 72 horas, junto al Gobierno provincial, si regresan a<\/p>\n","protected":false},"author":4,"featured_media":6800,"comment_status":"closed","ping_status":"open","sticky":false,"template":"","format":"standard","meta":{"colormag_page_layout":"default_layout","footnotes":""},"categories":[2],"tags":[],"class_list":["post-6799","post","type-post","status-publish","format-standard","has-post-thumbnail","hentry","category-noticias"],"_links":{"self":[{"href":"https:\/\/oasisfm935.com.ar\/site\/wp-json\/wp\/v2\/posts\/6799","targetHints":{"allow":["GET"]}}],"collection":[{"href":"https:\/\/oasisfm935.com.ar\/site\/wp-json\/wp\/v2\/posts"}],"about":[{"href":"https:\/\/oasisfm935.com.ar\/site\/wp-json\/wp\/v2\/types\/post"}],"author":[{"embeddable":true,"href":"https:\/\/oasisfm935.com.ar\/site\/wp-json\/wp\/v2\/users\/4"}],"replies":[{"embeddable":true,"href":"https:\/\/oasisfm935.com.ar\/site\/wp-json\/wp\/v2\/comments?post=6799"}],"version-history":[{"count":1,"href":"https:\/\/oasisfm935.com.ar\/site\/wp-json\/wp\/v2\/posts\/6799\/revisions"}],"predecessor-version":[{"id":6801,"href":"https:\/\/oasisfm935.com.ar\/site\/wp-json\/wp\/v2\/posts\/6799\/revisions\/6801"}],"wp:featuredmedia":[{"embeddable":true,"href":"https:\/\/oasisfm935.com.ar\/site\/wp-json\/wp\/v2\/media\/6800"}],"wp:attachment":[{"href":"https:\/\/oasisfm935.com.ar\/site\/wp-json\/wp\/v2\/media?parent=6799"}],"wp:term":[{"taxonomy":"category","embeddable":true,"href":"https:\/\/oasisfm935.com.ar\/site\/wp-json\/wp\/v2\/categories?post=6799"},{"taxonomy":"post_tag","embeddable":true,"href":"https:\/\/oasisfm935.com.ar\/site\/wp-json\/wp\/v2\/tags?post=6799"}],"curies":[{"name":"wp","href":"https:\/\/api.w.org\/{rel}","templated":true}]}}