{"id":6808,"date":"2020-09-14T19:39:32","date_gmt":"2020-09-14T22:39:32","guid":{"rendered":"http:\/\/oasisfm935.com\/site\/?p=6808"},"modified":"2020-09-14T19:43:11","modified_gmt":"2020-09-14T22:43:11","slug":"la-pampa-covid-19-119-muestras-analizadas-21-positivos","status":"publish","type":"post","link":"https:\/\/oasisfm935.com.ar\/site\/la-pampa-covid-19-119-muestras-analizadas-21-positivos\/","title":{"rendered":"La Pampa COVID-19: 119 muestras analizadas, 21 positivos."},"content":{"rendered":"<p class=\"lead nota-detalle-bajada\">El Gobierno de la provincia de La Pampa a trav\u00e9s del Ministerio de Salud comunic\u00f3 que en horas de la tarde del d\u00eda 14 de septiembre, se finaliz\u00f3 con el procesamiento de 119 muestras, en los laboratorios de Epidemiolog\u00eda, del Hospital Lucio Molas y del Gobernador Centeno, de las cuales 21 resultaron positivas para COVID-19.<\/p>\n<div class=\"nota-detalle-cuerpo\">De las 21 muestras diagnosticadas como positivas 9 de ellas se corresponden con residentes en la localidad de Bernardo Larroud\u00e9, 6 en 25 de Mayo, 5 en Intendente Alvear y 1 en Santa Rosa. Los casos confirmados en el d\u00eda de la fecha eran contactos estrechos de casos positivos y se encontraban aislados como medida preventiva, evitando la diseminaci\u00f3n del virus.<\/p>\n<p><strong>Situaci\u00f3n provincial<\/strong><br \/>\nEn la provincia de La Pampa, desde el inicio de la pandemia, se registraron un total de 435 casos positivos para COVID-19, de los cuales 228 permanecen activos, 3 han fallecido y 204 se han recuperado, entre ellos se encuentran 2 pacientes de Santa Rosa, 1 de Intendente Alvear y 2 de General Pico, a quienes se les otorg\u00f3 el alta m\u00e9dica en el d\u00eda de hoy.<\/div>\n<div class=\"nota-detalle-cuerpo\">\nLos casos confirmados activos est\u00e1n distribuidos de la siguiente manera: 126 en Intendente Alvear, 20 en Santa Rosa, 21 en 25 de Mayo, 33 en Bernardo Larroud\u00e9, 7 en General Pico, 3 en Catril\u00f3, 1 en Macach\u00edn, 4 en Toay, 3 en General Acha, 7 en Realic\u00f3, 2 en Rancul y 1 en Doblas.<\/div>\n<div class=\"nota-detalle-cuerpo\">\nAl d\u00eda de la fecha se encuentran aisladas un total de 4.230 personas en toda la Provincia.<\/div>\n<div class=\"nota-detalle-cuerpo\">\nSe encuentran internadas 11 personas confirmadas para COVID-19 residentes en la provincia de La Pampa. En General Pico 6 personas, 3 en terapia intensiva con pron\u00f3stico reservado y 3 en cl\u00ednica m\u00e9dica. En el Centro Emergente de Asistencia Respiratoria (CEAR) de Santa Rosa, se encuentran internadas 5 personas en cl\u00ednica m\u00e9dica.<br \/>\nSe suman dos pacientes derivados de Gonz\u00e1lez Moreno, provincia de Buenos Aires.<\/div>\n<div class=\"oasis-despues-del-contenido\" id=\"oasis-3674960355\"><img loading=\"lazy\" decoding=\"async\" src=\"https:\/\/oasisfm935.com.ar\/site\/wp-content\/uploads\/2020\/08\/47806202-8741-49f2-a5c9-d2f930e5baa1.jpg\" alt=\"\"  srcset=\"https:\/\/oasisfm935.com.ar\/site\/wp-content\/uploads\/2020\/08\/47806202-8741-49f2-a5c9-d2f930e5baa1.jpg 1080w, https:\/\/oasisfm935.com.ar\/site\/wp-content\/uploads\/2020\/08\/47806202-8741-49f2-a5c9-d2f930e5baa1-300x300.jpg 300w, https:\/\/oasisfm935.com.ar\/site\/wp-content\/uploads\/2020\/08\/47806202-8741-49f2-a5c9-d2f930e5baa1-1024x1024.jpg 1024w, https:\/\/oasisfm935.com.ar\/site\/wp-content\/uploads\/2020\/08\/47806202-8741-49f2-a5c9-d2f930e5baa1-150x150.jpg 150w, https:\/\/oasisfm935.com.ar\/site\/wp-content\/uploads\/2020\/08\/47806202-8741-49f2-a5c9-d2f930e5baa1-768x768.jpg 768w\" sizes=\"(max-width: 1080px) 100vw, 1080px\" class=\"no-lazyload\" width=\"1080\" height=\"1080\"  style=\"display: inline-block;\" \/><\/div>","protected":false},"excerpt":{"rendered":"<p>El Gobierno de la provincia de La Pampa a trav\u00e9s del Ministerio de Salud comunic\u00f3 que en horas de la tarde del<\/p>\n","protected":false},"author":4,"featured_media":6809,"comment_status":"closed","ping_status":"open","sticky":false,"template":"","format":"standard","meta":{"colormag_page_layout":"default_layout","footnotes":""},"categories":[2],"tags":[],"class_list":["post-6808","post","type-post","status-publish","format-standard","has-post-thumbnail","hentry","category-noticias"],"_links":{"self":[{"href":"https:\/\/oasisfm935.com.ar\/site\/wp-json\/wp\/v2\/posts\/6808","targetHints":{"allow":["GET"]}}],"collection":[{"href":"https:\/\/oasisfm935.com.ar\/site\/wp-json\/wp\/v2\/posts"}],"about":[{"href":"https:\/\/oasisfm935.com.ar\/site\/wp-json\/wp\/v2\/types\/post"}],"author":[{"embeddable":true,"href":"https:\/\/oasisfm935.com.ar\/site\/wp-json\/wp\/v2\/users\/4"}],"replies":[{"embeddable":true,"href":"https:\/\/oasisfm935.com.ar\/site\/wp-json\/wp\/v2\/comments?post=6808"}],"version-history":[{"count":3,"href":"https:\/\/oasisfm935.com.ar\/site\/wp-json\/wp\/v2\/posts\/6808\/revisions"}],"predecessor-version":[{"id":6812,"href":"https:\/\/oasisfm935.com.ar\/site\/wp-json\/wp\/v2\/posts\/6808\/revisions\/6812"}],"wp:featuredmedia":[{"embeddable":true,"href":"https:\/\/oasisfm935.com.ar\/site\/wp-json\/wp\/v2\/media\/6809"}],"wp:attachment":[{"href":"https:\/\/oasisfm935.com.ar\/site\/wp-json\/wp\/v2\/media?parent=6808"}],"wp:term":[{"taxonomy":"category","embeddable":true,"href":"https:\/\/oasisfm935.com.ar\/site\/wp-json\/wp\/v2\/categories?post=6808"},{"taxonomy":"post_tag","embeddable":true,"href":"https:\/\/oasisfm935.com.ar\/site\/wp-json\/wp\/v2\/tags?post=6808"}],"curies":[{"name":"wp","href":"https:\/\/api.w.org\/{rel}","templated":true}]}}