{"id":683,"date":"2019-02-06T19:51:14","date_gmt":"2019-02-06T22:51:14","guid":{"rendered":"http:\/\/oasisfm935.com\/site\/?p=683"},"modified":"2019-02-06T19:51:44","modified_gmt":"2019-02-06T22:51:44","slug":"burllich-el-colo-puede-lograr-que-la-pampa-deje-de-ser-una-isla-en-la-argentina","status":"publish","type":"post","link":"https:\/\/oasisfm935.com.ar\/site\/burllich-el-colo-puede-lograr-que-la-pampa-deje-de-ser-una-isla-en-la-argentina\/","title":{"rendered":"Burllich  \u00abEl Colo puede lograr que la Pampa deje de ser una isla en la Argentina\u00bb"},"content":{"rendered":"<p dir=\"ltr\">Durante la ma\u00f1ana de hoy, el senador Esteban Bullrich estuvo en la localidad de Santa Rosa, para acompa\u00f1ar en la campa\u00f1a, al precandidato a gobernador Javier \u201cColo\u201d Mac Allister.<\/p>\n<p>&nbsp;<\/p>\n<p dir=\"ltr\">En declaraciones a los medios de prensa, expres\u00f3 \u201cCreo que es fundamental que La Pampa cambie. Es una provincia que lamentablemente ha estado muy aislada, con cero di\u00e1logo a nivel gobernador &#8211; presidente y tambi\u00e9n de ministro a ministro. Por eso vine a acompa\u00f1ar al Colo en \u00e9sta campa\u00f1a tan importante para La Pampa y para los pampeanos\u201d<\/p>\n<p>&nbsp;<\/p>\n<p dir=\"ltr\">Con vista a las pr\u00f3ximas elecciones del 17 de febrero, afirm\u00f3 \u201cConoci\u00e9ndolo como lo conozco al Colo y habiendo trabajado juntos mucho tiempo, puedo asegurar su capacidad y vocaci\u00f3n de transformaci\u00f3n y gesti\u00f3n. El realmente quiere un cambio para La Pampa, mantiene una relaci\u00f3n de cercan\u00eda con el gobierno nacional, y va a lograr que la provincia deje de ser una isla en Argentina. El Colo tiene la transparencia y la pasi\u00f3n que hacen falta para una gesti\u00f3n distinta. Por eso les pido que el 17 vayan a votar y lo acompa\u00f1en\u201d<\/p>\n<p>&nbsp;<\/p>\n<p dir=\"ltr\">Consultado sobre La Pampa en el contexto nacional, manifest\u00f3 \u00a0\u201creci\u00e9n estuvimos con el Colo recorriendo algunos negocios en el centro de la ciudad, y la gente reconoce los cambios y entiende el objetivo y la raz\u00f3n que tiene \u00e9ste esfuerzo. Reconocen las \u00a0inversiones de m\u00e1s de 6.500 millones de pesos para construir las primeras autopistas en La Pampa, y arreglar la ruta 151, 152, y la ruta 5.\u201d<\/p>\n<p>&nbsp;<\/p>\n<p dir=\"ltr\">\u201cY tambi\u00e9n nos han manifestado su preocupaci\u00f3n por el aislamiento que ha tenido la provincia. Por ejemplo, con la no adhesi\u00f3n a la ley Pyme, que obedece simplemente a cuestiones ideol\u00f3gicas que se plasman en el rechazo que tiene el gobierno de La Pampa, hacia las medidas del gobierno nacional.\u201d<\/p>\n<p>&nbsp;<\/p>\n<p dir=\"ltr\">\u201cMientras el gobierno nacional ha demostrado claramente que no excluye a La Pampa. Antes recib\u00eda por fondos coparticipables 8 mil millones de pesos y hoy recibe 26 mil millones de pesos de forma autom\u00e1tica\u201d<\/p>\n<p>&nbsp;<\/p>\n<p dir=\"ltr\">\u201cEl mayor da\u00f1o que le ha hecho el kirchnerismo al pa\u00eds, es que alguna gente inteligente crea que una banda de ladrones es una opci\u00f3n.\u201d finaliz\u00f3.<\/p>\n<div class=\"oasis-despues-del-contenido\" id=\"oasis-3738531645\"><img loading=\"lazy\" decoding=\"async\" src=\"https:\/\/oasisfm935.com.ar\/site\/wp-content\/uploads\/2020\/08\/47806202-8741-49f2-a5c9-d2f930e5baa1.jpg\" alt=\"\"  srcset=\"https:\/\/oasisfm935.com.ar\/site\/wp-content\/uploads\/2020\/08\/47806202-8741-49f2-a5c9-d2f930e5baa1.jpg 1080w, https:\/\/oasisfm935.com.ar\/site\/wp-content\/uploads\/2020\/08\/47806202-8741-49f2-a5c9-d2f930e5baa1-300x300.jpg 300w, https:\/\/oasisfm935.com.ar\/site\/wp-content\/uploads\/2020\/08\/47806202-8741-49f2-a5c9-d2f930e5baa1-1024x1024.jpg 1024w, https:\/\/oasisfm935.com.ar\/site\/wp-content\/uploads\/2020\/08\/47806202-8741-49f2-a5c9-d2f930e5baa1-150x150.jpg 150w, https:\/\/oasisfm935.com.ar\/site\/wp-content\/uploads\/2020\/08\/47806202-8741-49f2-a5c9-d2f930e5baa1-768x768.jpg 768w\" sizes=\"(max-width: 1080px) 100vw, 1080px\" class=\"no-lazyload\" width=\"1080\" height=\"1080\"  style=\"display: inline-block;\" \/><\/div>","protected":false},"excerpt":{"rendered":"<p>Durante la ma\u00f1ana de hoy, el senador Esteban Bullrich estuvo en la localidad de Santa Rosa, para acompa\u00f1ar en la campa\u00f1a, al<\/p>\n","protected":false},"author":4,"featured_media":684,"comment_status":"closed","ping_status":"open","sticky":false,"template":"","format":"standard","meta":{"colormag_page_layout":"default_layout","footnotes":""},"categories":[2],"tags":[],"class_list":["post-683","post","type-post","status-publish","format-standard","has-post-thumbnail","hentry","category-noticias"],"_links":{"self":[{"href":"https:\/\/oasisfm935.com.ar\/site\/wp-json\/wp\/v2\/posts\/683","targetHints":{"allow":["GET"]}}],"collection":[{"href":"https:\/\/oasisfm935.com.ar\/site\/wp-json\/wp\/v2\/posts"}],"about":[{"href":"https:\/\/oasisfm935.com.ar\/site\/wp-json\/wp\/v2\/types\/post"}],"author":[{"embeddable":true,"href":"https:\/\/oasisfm935.com.ar\/site\/wp-json\/wp\/v2\/users\/4"}],"replies":[{"embeddable":true,"href":"https:\/\/oasisfm935.com.ar\/site\/wp-json\/wp\/v2\/comments?post=683"}],"version-history":[{"count":2,"href":"https:\/\/oasisfm935.com.ar\/site\/wp-json\/wp\/v2\/posts\/683\/revisions"}],"predecessor-version":[{"id":686,"href":"https:\/\/oasisfm935.com.ar\/site\/wp-json\/wp\/v2\/posts\/683\/revisions\/686"}],"wp:featuredmedia":[{"embeddable":true,"href":"https:\/\/oasisfm935.com.ar\/site\/wp-json\/wp\/v2\/media\/684"}],"wp:attachment":[{"href":"https:\/\/oasisfm935.com.ar\/site\/wp-json\/wp\/v2\/media?parent=683"}],"wp:term":[{"taxonomy":"category","embeddable":true,"href":"https:\/\/oasisfm935.com.ar\/site\/wp-json\/wp\/v2\/categories?post=683"},{"taxonomy":"post_tag","embeddable":true,"href":"https:\/\/oasisfm935.com.ar\/site\/wp-json\/wp\/v2\/tags?post=683"}],"curies":[{"name":"wp","href":"https:\/\/api.w.org\/{rel}","templated":true}]}}