{"id":6851,"date":"2020-09-16T14:06:51","date_gmt":"2020-09-16T17:06:51","guid":{"rendered":"http:\/\/oasisfm935.com\/site\/?p=6851"},"modified":"2020-09-16T16:04:36","modified_gmt":"2020-09-16T19:04:36","slug":"ingeniero-luiggi-patricia-lavin-celebro-la-firma-del-contrato-como-la-mejor-manera-de-festejar-los-110-anos-de-la-localidad","status":"publish","type":"post","link":"https:\/\/oasisfm935.com.ar\/site\/ingeniero-luiggi-patricia-lavin-celebro-la-firma-del-contrato-como-la-mejor-manera-de-festejar-los-110-anos-de-la-localidad\/","title":{"rendered":"Ingeniero Luiggi: Patricia Lavin celebr\u00f3 la firma del contrato como la mejor manera de festejar los 110 a\u00f1os de la localidad."},"content":{"rendered":"<p>Se llev\u00f3 a cabo la firma del contrato para ejecutar la obra \u201cTerminaci\u00f3n JIN N\u00ba15 en Escuela N\u00ba76 de Ingeniero Luiggi\u201d, con una inversi\u00f3n de $ 25.209.996,93 y un plazo de ejecuci\u00f3n de 180 d\u00edas.<\/p>\n<p>La r\u00fabrica se desarroll\u00f3 esta ma\u00f1ana en el despacho del ministro de Obras y Servicios P\u00fablicos de la Provincia, Ram\u00f3n Garay, donde tambi\u00e9n estuvieron presentes el ministro de Educaci\u00f3n, Pablo Maccione; la intendente de Ingeniero Luiggi, Patricia Lav\u00ecn y el representante de la empresa Iaser SH.<\/p>\n<p>La jefa comunal celebr\u00f3 la firma del contrato como la mejor manera de festejar los 110 a\u00f1os de la localidad. \u201cUna obra tan esperada, tan prometida en su momento y tan poco cumplida. Esto ven\u00eda de la gesti\u00f3n (presidencial) de Mauricio Macri, que fue la primera visita de un presidente a nuestra localidad y con una falsa promesa\u201d, coment\u00f3.<\/p>\n<p>Lav\u00edn remarc\u00f3 que hoy sirve poco de lo construido en aquel momento. \u201cEl tiempo ha pasado y tiene el deterioro l\u00f3gico de una obra inconclusa\u201d.<\/p>\n<p>Se refiri\u00f3 a la necesidad de la obra debido al crecimiento de la matr\u00edcula en el nivel inicial. \u201cEs una necesidad y eso demanda una mayor cobertura edilicia, por lo tanto es muy esperada\u201d, cont\u00f3.<\/p>\n<p><img decoding=\"async\" src=\"https:\/\/apn.lapampa.gob.ar\/images\/multimedia\/924128_nfd_2163.jpg\" alt=\" - \" \/><\/p>\n<p>\u201cEsto no se pudo haber logrado sin las gestiones del Gobierno provincial que encabeza Sergio Ziliotto, que ha puesto a disposici\u00f3n los distintos Ministerios como Obras y Educaci\u00f3n. Ambos se involucraron para que se pueda cumplir aquella promesa que nos hab\u00edan hecho\u201d, afirm\u00f3.<\/p>\n<p>Respecto a la obra, la intendente adelant\u00f3 que se evaluar\u00e1 la construcci\u00f3n que se pueda rescatar y que se sostendr\u00e1 el modo tradicional de edificaci\u00f3n. Adem\u00e1s, destac\u00f3 el compromiso de la empresa para contratar mano de obra local.<\/p>\n<p>Si bien se logra cristalizar este sue\u00f1o en esta gesti\u00f3n, tambi\u00e9n quiero destacar que el ex intendente Javier Zanoli y a quien era gobernador, Carlos Verna y la exministra de Educaci\u00f3n, Mar\u00eda Cristina Garello, que han luchado porque se cumpliera y ante la negativa del Gobierno nacional, no se pudo llevar a cabo. Por eso, nuestro gobernador Sergio Ziliotto lo tom\u00f3 como una lucha en su gesti\u00f3n y logr\u00f3 concluirla con el gobierno del actual presidente Alberto Fern\u00e1ndez\u201d, cerr\u00f3.<\/p>\n<p><img decoding=\"async\" src=\"https:\/\/apn.lapampa.gob.ar\/images\/multimedia\/867096_nfd_2165.jpg\" \/><\/p>\n<p><strong>Pablo Maccione<\/strong><br \/>\nEl ministro de Educaci\u00f3n resalt\u00f3 que son cuatro jardines los que se encuentran en la misma situaci\u00f3n, ubicados en General Pico, Winifreda, Santa Rosa e Ingeniero Luiggi. \u201cTodos est\u00e1n en este proceso de poder cumplir. En Ingeniero Luiggi estaban funcionando en un espacio donde una escuela primaria prestaba un aula. Toda la organizaci\u00f3n que tendr\u00e1 el jard\u00edn de infantes en la localidad ser\u00e1 m\u00e1s c\u00f3moda, liberar\u00e1 el espacio para organizar mejor el trabajo en la escuela primaria. Todo esto hace a la calidad educativa, que no s\u00f3lo tiene que ver con los docentes de La Pampa, sino con brindar las condiciones de infraestructura necesaria para hacerlo correctamente\u201d, concluy\u00f3.<br \/>\nPor \u00faltimo, el empresario a cargo de la obra agreg\u00f3 que la construcci\u00f3n est\u00e1 abandonada y se recuperar\u00e1 la estructura y la cubierta del techo. \u201cTodas las instalaciones se van a realizar nuevas. A lo mejor la instalaci\u00f3n de cloacas se puede reparar. La obra tiene 600 metros, incluye el equipamiento, juegos, instalaci\u00f3n el\u00e9ctrica y de datos, pr\u00e1cticamente debe ser el 70 u 80% de la obra proyectada\u201d, finaliz\u00f3.<\/p>\n<div class=\"oasis-despues-del-contenido\" id=\"oasis-3119478268\"><img loading=\"lazy\" decoding=\"async\" src=\"https:\/\/oasisfm935.com.ar\/site\/wp-content\/uploads\/2020\/08\/47806202-8741-49f2-a5c9-d2f930e5baa1.jpg\" alt=\"\"  srcset=\"https:\/\/oasisfm935.com.ar\/site\/wp-content\/uploads\/2020\/08\/47806202-8741-49f2-a5c9-d2f930e5baa1.jpg 1080w, https:\/\/oasisfm935.com.ar\/site\/wp-content\/uploads\/2020\/08\/47806202-8741-49f2-a5c9-d2f930e5baa1-300x300.jpg 300w, https:\/\/oasisfm935.com.ar\/site\/wp-content\/uploads\/2020\/08\/47806202-8741-49f2-a5c9-d2f930e5baa1-1024x1024.jpg 1024w, https:\/\/oasisfm935.com.ar\/site\/wp-content\/uploads\/2020\/08\/47806202-8741-49f2-a5c9-d2f930e5baa1-150x150.jpg 150w, https:\/\/oasisfm935.com.ar\/site\/wp-content\/uploads\/2020\/08\/47806202-8741-49f2-a5c9-d2f930e5baa1-768x768.jpg 768w\" sizes=\"(max-width: 1080px) 100vw, 1080px\" class=\"no-lazyload\" width=\"1080\" height=\"1080\"  style=\"display: inline-block;\" \/><\/div>","protected":false},"excerpt":{"rendered":"<p>Se llev\u00f3 a cabo la firma del contrato para ejecutar la obra \u201cTerminaci\u00f3n JIN N\u00ba15 en Escuela N\u00ba76 de Ingeniero Luiggi\u201d, con<\/p>\n","protected":false},"author":4,"featured_media":6852,"comment_status":"closed","ping_status":"open","sticky":false,"template":"","format":"standard","meta":{"colormag_page_layout":"default_layout","footnotes":""},"categories":[2],"tags":[],"class_list":["post-6851","post","type-post","status-publish","format-standard","has-post-thumbnail","hentry","category-noticias"],"_links":{"self":[{"href":"https:\/\/oasisfm935.com.ar\/site\/wp-json\/wp\/v2\/posts\/6851","targetHints":{"allow":["GET"]}}],"collection":[{"href":"https:\/\/oasisfm935.com.ar\/site\/wp-json\/wp\/v2\/posts"}],"about":[{"href":"https:\/\/oasisfm935.com.ar\/site\/wp-json\/wp\/v2\/types\/post"}],"author":[{"embeddable":true,"href":"https:\/\/oasisfm935.com.ar\/site\/wp-json\/wp\/v2\/users\/4"}],"replies":[{"embeddable":true,"href":"https:\/\/oasisfm935.com.ar\/site\/wp-json\/wp\/v2\/comments?post=6851"}],"version-history":[{"count":2,"href":"https:\/\/oasisfm935.com.ar\/site\/wp-json\/wp\/v2\/posts\/6851\/revisions"}],"predecessor-version":[{"id":6860,"href":"https:\/\/oasisfm935.com.ar\/site\/wp-json\/wp\/v2\/posts\/6851\/revisions\/6860"}],"wp:featuredmedia":[{"embeddable":true,"href":"https:\/\/oasisfm935.com.ar\/site\/wp-json\/wp\/v2\/media\/6852"}],"wp:attachment":[{"href":"https:\/\/oasisfm935.com.ar\/site\/wp-json\/wp\/v2\/media?parent=6851"}],"wp:term":[{"taxonomy":"category","embeddable":true,"href":"https:\/\/oasisfm935.com.ar\/site\/wp-json\/wp\/v2\/categories?post=6851"},{"taxonomy":"post_tag","embeddable":true,"href":"https:\/\/oasisfm935.com.ar\/site\/wp-json\/wp\/v2\/tags?post=6851"}],"curies":[{"name":"wp","href":"https:\/\/api.w.org\/{rel}","templated":true}]}}