{"id":6866,"date":"2020-09-16T17:18:49","date_gmt":"2020-09-16T20:18:49","guid":{"rendered":"http:\/\/oasisfm935.com\/site\/?p=6866"},"modified":"2020-09-16T17:18:49","modified_gmt":"2020-09-16T20:18:49","slug":"los-dolares-hacen-falta-para-producir-no-para-guardar","status":"publish","type":"post","link":"https:\/\/oasisfm935.com.ar\/site\/los-dolares-hacen-falta-para-producir-no-para-guardar\/","title":{"rendered":"\u201cLos d\u00f3lares hacen falta para producir; no para guardar\u201d"},"content":{"rendered":"<p>El presidente Alberto Fern\u00e1ndez sostuvo hoy que\u00a0<strong>en el pa\u00eds \u201clos d\u00f3lares hacen falta para producir, no para guardar\u201d, y plante\u00f3 la necesidad de que el \u201cd\u00f3lar deje de ser un mecanismo de especulaci\u00f3n<\/strong>\u00a0y una variable para que algunos acumulen\u201d.<\/p>\n<p>\u201cTenemos una l\u00f3gica de la econom\u00eda que ya no promueve m\u00e1s la especulaci\u00f3n y quiere que el d\u00f3lar deje de ser un mecanismo de especulaci\u00f3n, una variable para que algunos acumulen d\u00f3lares, en un pa\u00eds donde hacen falta para producir no para guardar\u201d, expres\u00f3 el mandatario, al encabezar esta tarde la presentaci\u00f3n del Plan Nacional de Conectividad \u201cConectar\u201d, en la sede central de ARSAT, en Benav\u00eddez (Tigre), donde se anunci\u00f3 que el programa contar\u00e1 con una inversi\u00f3n de 37.900 millones de pesos hasta 2023, buscar\u00e1 universalizar el acceso a conexiones de banda ancha de \u00faltima generaci\u00f3n y prev\u00e9 la reactivaci\u00f3n del Plan Satelital Argentino.<\/p>\n<p>El\u00a0<strong>presidente del Banco Central, Miguel Pesce, anunci\u00f3 el martes que la AFIP impondr\u00e1 un anticipo del 35% de impuesto a la Ganancias o a Bienes Personales para la compra del d\u00f3lar ahorro<\/strong>\u00a0y que los gastos con tarjeta en moneda extranjera se har\u00e1n a cuenta del cupo de hasta US$ 200 mensuales.<\/p>\n<p>Los cambios forman parte de una bater\u00eda de medidas tomadas en consonancia con el Ministerio de Econom\u00eda y la Comisi\u00f3n nacional de Valores (CNV) e incluir\u00e1n, tambi\u00e9n, l\u00edmites en la compra de d\u00f3lares por parte de las empresas para cancelar deudas, mayores exigencias para la apertura de cajas de ahorro en moneda extranjera y facilidades para vender d\u00f3lares por pesos a trav\u00e9s de operaciones en el mercado de bonos y acciones.<\/p>\n<p>\u00abLa AFIP va a establecer una retenci\u00f3n de impuesto a las Ganancias del orden del 35% para las compras de d\u00f3lar ahorro y pago con tarjeta de cr\u00e9dito al exterior\u00bb, asegur\u00f3 Pesce en una conferencia de prensa en la sede del Banco Central.<\/p>\n<p>El \u00a0mandatario plante\u00f3 que\u00a0<strong>el pa\u00eds que imagin\u00f3 en 2003 con N\u00e9stor Kirchner \u201ctodav\u00eda tiene deudas pendientes\u201d y no lograron concluirlo porque \u201cen el medio hubo cuatro a\u00f1os donde todo se paraliz\u00f3<\/strong>\u00a0y se favoreci\u00f3 la desintegraci\u00f3n\u201d, en referencia a la gesti\u00f3n de Cambiemos.<\/p>\n<p>Asimismo insisti\u00f3 en que<strong>\u00a0no cree en la \u201cmeritocracia\u201d y remarc\u00f3: \u201cSi algunos tenemos mejores condiciones, el m\u00e9rito no alcanza y eso no lo podemos permitir\u201d.<\/strong><\/p>\n<p>\u201c<strong>Ayer los diarios titulaban \u2018Alberto piensa que el m\u00e9rito no sirve para progresar\u2019. Yo no digo semejante imbecilidad.<\/strong>\u00a0No creo en la meritocracia. Si algunos tenemos mejores condiciones, el m\u00e9rito no alcanza, y es all\u00ed donde el m\u00e1s tonto de los ricos tiene m\u00e1s posibilidades que el m\u00e1s inteligente de los pobres y eso no lo podemos permitir\u201d, consider\u00f3.<\/p>\n<p>Seg\u00fan se inform\u00f3 oficialmente,\u00a0<strong>el Plan Conectar contempla el desarrollo, construcci\u00f3n y puesta en \u00f3rbita de un nuevo sat\u00e9lite, el primero de la segunda generaci\u00f3n de ARSAT,<\/strong>\u00a0que estar\u00e1 orientado a la ocupaci\u00f3n de las posiciones orbitales de la Argentina, al desarrollo de la industria satelital de telecomunicaciones y a\u00a0<strong>reducir la brecha digital brindando conectividad satelital de alta calidad a 200 mil hogares rurales.<\/strong><\/p>\n<p>Se\u00a0<strong>actualizar\u00e1 y extender\u00e1 hasta los 38.808 kil\u00f3metros la Red Federal de Fibra \u00d3ptica, se renovar\u00e1n los equipos de las 100 estaciones de la Televisi\u00f3n Digital Abierta (TDA) y se pondr\u00e1 en valor el Centro Nacional de Datos de ARSAT<\/strong>, lo que permitir\u00e1 disminuir costos y ahorrar divisas en servicios cloud.<\/p>\n<p>Del acto participar\u00e1n tambi\u00e9n el jefe de Gabinete, Santiago Cafiero, y la secretaria de Innovaci\u00f3n P\u00fablica, Micaela S\u00e1nchez Malcom, a cargo del \u00e1rea que dise\u00f1\u00f3 la iniciativa, entre otros funcionarios.<\/p>\n<div class=\"oasis-despues-del-contenido\" id=\"oasis-2344994162\"><img loading=\"lazy\" decoding=\"async\" src=\"https:\/\/oasisfm935.com.ar\/site\/wp-content\/uploads\/2020\/08\/47806202-8741-49f2-a5c9-d2f930e5baa1.jpg\" alt=\"\"  srcset=\"https:\/\/oasisfm935.com.ar\/site\/wp-content\/uploads\/2020\/08\/47806202-8741-49f2-a5c9-d2f930e5baa1.jpg 1080w, https:\/\/oasisfm935.com.ar\/site\/wp-content\/uploads\/2020\/08\/47806202-8741-49f2-a5c9-d2f930e5baa1-300x300.jpg 300w, https:\/\/oasisfm935.com.ar\/site\/wp-content\/uploads\/2020\/08\/47806202-8741-49f2-a5c9-d2f930e5baa1-1024x1024.jpg 1024w, https:\/\/oasisfm935.com.ar\/site\/wp-content\/uploads\/2020\/08\/47806202-8741-49f2-a5c9-d2f930e5baa1-150x150.jpg 150w, https:\/\/oasisfm935.com.ar\/site\/wp-content\/uploads\/2020\/08\/47806202-8741-49f2-a5c9-d2f930e5baa1-768x768.jpg 768w\" sizes=\"(max-width: 1080px) 100vw, 1080px\" class=\"no-lazyload\" width=\"1080\" height=\"1080\"  style=\"display: inline-block;\" \/><\/div>","protected":false},"excerpt":{"rendered":"<p>El presidente Alberto Fern\u00e1ndez sostuvo hoy que\u00a0en el pa\u00eds \u201clos d\u00f3lares hacen falta para producir, no para guardar\u201d, y plante\u00f3 la necesidad<\/p>\n","protected":false},"author":4,"featured_media":6867,"comment_status":"closed","ping_status":"open","sticky":false,"template":"","format":"standard","meta":{"colormag_page_layout":"default_layout","footnotes":""},"categories":[2],"tags":[],"class_list":["post-6866","post","type-post","status-publish","format-standard","has-post-thumbnail","hentry","category-noticias"],"_links":{"self":[{"href":"https:\/\/oasisfm935.com.ar\/site\/wp-json\/wp\/v2\/posts\/6866","targetHints":{"allow":["GET"]}}],"collection":[{"href":"https:\/\/oasisfm935.com.ar\/site\/wp-json\/wp\/v2\/posts"}],"about":[{"href":"https:\/\/oasisfm935.com.ar\/site\/wp-json\/wp\/v2\/types\/post"}],"author":[{"embeddable":true,"href":"https:\/\/oasisfm935.com.ar\/site\/wp-json\/wp\/v2\/users\/4"}],"replies":[{"embeddable":true,"href":"https:\/\/oasisfm935.com.ar\/site\/wp-json\/wp\/v2\/comments?post=6866"}],"version-history":[{"count":1,"href":"https:\/\/oasisfm935.com.ar\/site\/wp-json\/wp\/v2\/posts\/6866\/revisions"}],"predecessor-version":[{"id":6868,"href":"https:\/\/oasisfm935.com.ar\/site\/wp-json\/wp\/v2\/posts\/6866\/revisions\/6868"}],"wp:featuredmedia":[{"embeddable":true,"href":"https:\/\/oasisfm935.com.ar\/site\/wp-json\/wp\/v2\/media\/6867"}],"wp:attachment":[{"href":"https:\/\/oasisfm935.com.ar\/site\/wp-json\/wp\/v2\/media?parent=6866"}],"wp:term":[{"taxonomy":"category","embeddable":true,"href":"https:\/\/oasisfm935.com.ar\/site\/wp-json\/wp\/v2\/categories?post=6866"},{"taxonomy":"post_tag","embeddable":true,"href":"https:\/\/oasisfm935.com.ar\/site\/wp-json\/wp\/v2\/tags?post=6866"}],"curies":[{"name":"wp","href":"https:\/\/api.w.org\/{rel}","templated":true}]}}