{"id":6876,"date":"2020-09-17T12:44:38","date_gmt":"2020-09-17T15:44:38","guid":{"rendered":"http:\/\/oasisfm935.com\/site\/?p=6876"},"modified":"2020-09-17T12:44:38","modified_gmt":"2020-09-17T15:44:38","slug":"la-escuela-250-de-luiggi-tambien-regreso-a-la-presencialidad-priorizando-a-los-alumnos-de-sexto-grado","status":"publish","type":"post","link":"https:\/\/oasisfm935.com.ar\/site\/la-escuela-250-de-luiggi-tambien-regreso-a-la-presencialidad-priorizando-a-los-alumnos-de-sexto-grado\/","title":{"rendered":"La Escuela 250 de Luiggi tambi\u00e9n regres\u00f3 a la presencialidad priorizando a los alumnos de sexto grado"},"content":{"rendered":"<p>La directora de la escuela 250 Delia D. de Parodi de Ingeniero Luiggi Silvia Guerra brind\u00f3 detallas del plan de regreso gradual a la presencialidad que comenzaron a implementar desde este lunes 14,\u00a0<strong>priorizando en esta primera etapa a los alumnos que est\u00e1n finalizando este nivel educativo.<\/strong><\/p>\n<p>En di\u00e1logo con\u00a0<strong>Zonal Noticias<\/strong>\u00a0coment\u00f3 \u00abque teniendo en cuenta los lineamientos generales del protocolo de actuaci\u00f3pn para el regreso presencial a las aulas, elaboramos nuestro propio plan de regreso gradual a las clases presenciales\u00bb.<\/p>\n<p><strong>\u00abDe com\u00fan acuerdo con los docentes decidimos que los grupos a los que est\u00e1 destinado este primer regreso es a sexto grado desde el lunes pasado y a cuarto grado a partir del 21 de septiembre,<\/strong>\u00a0explic\u00f3.<\/p>\n<p><img decoding=\"async\" src=\"https:\/\/zonalnoticias.com\/wp-content\/uploads\/2020\/09\/escuela-250.png\" \/><\/p>\n<p>La directora se\u00f1al\u00f3 que \u00abs\u00f3lo diagramamos hasta ahora el mes de septiembre, luego haremos una evaluaci\u00f3n de lo transitado a finales de mes y ver c\u00f3mo continuamos en octubre, adem\u00e1s considerando tambi\u00e9n c\u00f3mo evoluciona en la provincia la cuesti\u00f3n epidemiol\u00f3gica\u00bb, se\u00f1al\u00f3.<\/p>\n<p>Silvia Guerra expres\u00f3 que \u00ab<strong>cada grupo de sexto grado fue dividido en tres subgrupos de 9 alumnos, cada uno de esos grupos se les destin\u00f3 un aula y a su vez en cada aula cada uno tiene su mesa individual\u00bb.<\/strong><\/p>\n<p>La directora coment\u00f3 tambi\u00e9n que la escuela tiene la ventaja que tiene varios accesos y eso facilit\u00e1 el acceso como el egreso por distintos sectores. \u00abLos alumnos de secxto grado ingresan por el acceso norte y cuando se sumen los de cuarto grado lo har\u00e1n por el acceso principal\u00bb, se\u00f1al\u00f3.<\/p>\n<p><strong>Medidas de higiene y seguridad<\/strong><\/p>\n<p>En cuanto a las medidas de higiene y seguridad, la directora expres\u00f3 que \u00abson las que se han determinado en el protocolo, los chicos concurren los los barbijos, est\u00e1 el alcohol en gel en el ingreso a la escuela y en cada una de las aulas, adem\u00e1s se dispuso un sector de higienizaci\u00f3n de manos cuando los alumnos llegan a la instituci\u00f3n\u00bb.<\/p>\n<p><strong>Adem\u00e1s de l uso del barbijo, los docentes cuentan con las m\u00e1scaras faciales<\/strong>, detall\u00f3 la directora.<\/p>\n<p><img decoding=\"async\" src=\"https:\/\/zonalnoticias.com\/wp-content\/uploads\/2020\/09\/escuela-250-a.png\" \/><\/p>\n<p><strong>\u00abDe acuerdo a c\u00f3mo se vaya desarrollando todo en estos 15 d\u00edas, iremos organizando nuevos grupos de alumnos para que se puedan regresar tambi\u00e9n a este desarrollo de las clases presenciales\u00bb<\/strong>, se\u00f1al\u00f3.<\/p>\n<p>Guerra indic\u00f3 que\u00a0<strong>\u00abel personal no docente<\/strong>\u00a0tambi\u00e9n fue organizado para que concurra menor carga horaria y que todo el horario en que permanecemos en la escuela se asegure la higiene, desinfecci\u00f3n y ventilaci\u00f3n de los ambientes\u00bb.<\/p>\n<p>\u00abTambi\u00e9n es para destacar que el plan institucional de continuidad pedag\u00f3gica para el regreso a la presencialidad est\u00e1 aprobado por las autoridades del Ministerio de Educaci\u00f3n\u00bb, concluy\u00f3.<\/p>\n<div class=\"oasis-despues-del-contenido\" id=\"oasis-409737392\"><img loading=\"lazy\" decoding=\"async\" src=\"https:\/\/oasisfm935.com.ar\/site\/wp-content\/uploads\/2020\/08\/47806202-8741-49f2-a5c9-d2f930e5baa1.jpg\" alt=\"\"  srcset=\"https:\/\/oasisfm935.com.ar\/site\/wp-content\/uploads\/2020\/08\/47806202-8741-49f2-a5c9-d2f930e5baa1.jpg 1080w, https:\/\/oasisfm935.com.ar\/site\/wp-content\/uploads\/2020\/08\/47806202-8741-49f2-a5c9-d2f930e5baa1-300x300.jpg 300w, https:\/\/oasisfm935.com.ar\/site\/wp-content\/uploads\/2020\/08\/47806202-8741-49f2-a5c9-d2f930e5baa1-1024x1024.jpg 1024w, https:\/\/oasisfm935.com.ar\/site\/wp-content\/uploads\/2020\/08\/47806202-8741-49f2-a5c9-d2f930e5baa1-150x150.jpg 150w, https:\/\/oasisfm935.com.ar\/site\/wp-content\/uploads\/2020\/08\/47806202-8741-49f2-a5c9-d2f930e5baa1-768x768.jpg 768w\" sizes=\"(max-width: 1080px) 100vw, 1080px\" class=\"no-lazyload\" width=\"1080\" height=\"1080\"  style=\"display: inline-block;\" \/><\/div>","protected":false},"excerpt":{"rendered":"<p>La directora de la escuela 250 Delia D. de Parodi de Ingeniero Luiggi Silvia Guerra brind\u00f3 detallas del plan de regreso gradual<\/p>\n","protected":false},"author":4,"featured_media":6877,"comment_status":"closed","ping_status":"open","sticky":false,"template":"","format":"standard","meta":{"colormag_page_layout":"default_layout","footnotes":""},"categories":[2],"tags":[],"class_list":["post-6876","post","type-post","status-publish","format-standard","has-post-thumbnail","hentry","category-noticias"],"_links":{"self":[{"href":"https:\/\/oasisfm935.com.ar\/site\/wp-json\/wp\/v2\/posts\/6876","targetHints":{"allow":["GET"]}}],"collection":[{"href":"https:\/\/oasisfm935.com.ar\/site\/wp-json\/wp\/v2\/posts"}],"about":[{"href":"https:\/\/oasisfm935.com.ar\/site\/wp-json\/wp\/v2\/types\/post"}],"author":[{"embeddable":true,"href":"https:\/\/oasisfm935.com.ar\/site\/wp-json\/wp\/v2\/users\/4"}],"replies":[{"embeddable":true,"href":"https:\/\/oasisfm935.com.ar\/site\/wp-json\/wp\/v2\/comments?post=6876"}],"version-history":[{"count":1,"href":"https:\/\/oasisfm935.com.ar\/site\/wp-json\/wp\/v2\/posts\/6876\/revisions"}],"predecessor-version":[{"id":6878,"href":"https:\/\/oasisfm935.com.ar\/site\/wp-json\/wp\/v2\/posts\/6876\/revisions\/6878"}],"wp:featuredmedia":[{"embeddable":true,"href":"https:\/\/oasisfm935.com.ar\/site\/wp-json\/wp\/v2\/media\/6877"}],"wp:attachment":[{"href":"https:\/\/oasisfm935.com.ar\/site\/wp-json\/wp\/v2\/media?parent=6876"}],"wp:term":[{"taxonomy":"category","embeddable":true,"href":"https:\/\/oasisfm935.com.ar\/site\/wp-json\/wp\/v2\/categories?post=6876"},{"taxonomy":"post_tag","embeddable":true,"href":"https:\/\/oasisfm935.com.ar\/site\/wp-json\/wp\/v2\/tags?post=6876"}],"curies":[{"name":"wp","href":"https:\/\/api.w.org\/{rel}","templated":true}]}}