{"id":6881,"date":"2020-09-17T13:59:33","date_gmt":"2020-09-17T16:59:33","guid":{"rendered":"http:\/\/oasisfm935.com\/site\/?p=6881"},"modified":"2020-09-17T13:59:33","modified_gmt":"2020-09-17T16:59:33","slug":"la-pampa-covid-19-126-muestras-analizadas-6-positivos-que-se-encuentran","status":"publish","type":"post","link":"https:\/\/oasisfm935.com.ar\/site\/la-pampa-covid-19-126-muestras-analizadas-6-positivos-que-se-encuentran\/","title":{"rendered":"La Pampa COVID-19: 126 muestras analizadas, 6 positivos que se encuentran."},"content":{"rendered":"<p class=\"lead nota-detalle-bajada\">El Gobierno de la provincia de La Pampa a trav\u00e9s del Ministerio de Salud comunica que en horas de la ma\u00f1ana del d\u00eda 17 de septiembre, se finaliz\u00f3 con el procesamiento de 126 muestras, en los laboratorios de Epidemiolog\u00eda, del Hospital Lucio Molas y del Gobernador Centeno, de las cuales 6 resultaron positivas para COVID-19, de ellas 4 residen en Bernardo Larroud\u00e9, 1 en General Pico y 1 en Santa Rosa. Se est\u00e1 trabajando en la investigaci\u00f3n epidemiol\u00f3gica de los casos. Todas las personas se encuentran aisladas.<\/p>\n<div class=\"nota-detalle-cuerpo\">Aclaraci\u00f3n sobre la carga de casos confirmados en el Reporte Nacional:<br \/>\nEs importante aclarar que existe una diferencia de casos confirmados entre el Reporte Provincial y el Nacional ya que se asisten y notifican pacientes que viven en otras provincias que tienen domicilio legal (el que figura en el DNI) en la provincia de La Pampa.<\/p>\n<p><strong>Situaci\u00f3n provincial<\/strong><br \/>\nDesde el inicio de la pandemia, en nuestra Provincia, se registraron un total 495 casos positivos para COVID-19, de los cuales 268 permanecen activos, 3 han fallecido y 224 se han recuperado, entre ellos se encuentran 13 personas de la localidad de Intendente Alvear y 2 de General Acha a las que se les otorg\u00f3 el alta m\u00e9dica. Los casos confirmados activos est\u00e1n distribuidos de la siguiente manera: 140 en Intendente Alvear, 20 en Santa Rosa, 28 en 25 de Mayo, 46 en Bernardo Larroud\u00e9, 13 en General Pico, 4 en Catril\u00f3, 2 en Toay, 1 en General Acha, 8 en Realic\u00f3, 2 en Rancul, 1 en Doblas, 1 en Conhello, 1 en Bernasconi y \u00a01 en Quem\u00fa Quem\u00fa.<br \/>\nAl d\u00eda de la fecha se encuentran aisladas un total de 4394 personas en toda la Provincia.<br \/>\nSe encuentran internadas 19 personas confirmadas para COVID-19 en la provincia de La Pampa. En General Pico 12 personas, 3 en Terapia intensiva con pron\u00f3stico reservado y 9 en modulares. En el Centro Emergente de Asistencia Respiratoria de Santa Rosa, se encuentran internadas 7 personas en cl\u00ednica m\u00e9dica.<\/div>\n<div class=\"oasis-despues-del-contenido\" id=\"oasis-2610292518\"><img loading=\"lazy\" decoding=\"async\" src=\"https:\/\/oasisfm935.com.ar\/site\/wp-content\/uploads\/2020\/08\/47806202-8741-49f2-a5c9-d2f930e5baa1.jpg\" alt=\"\"  srcset=\"https:\/\/oasisfm935.com.ar\/site\/wp-content\/uploads\/2020\/08\/47806202-8741-49f2-a5c9-d2f930e5baa1.jpg 1080w, https:\/\/oasisfm935.com.ar\/site\/wp-content\/uploads\/2020\/08\/47806202-8741-49f2-a5c9-d2f930e5baa1-300x300.jpg 300w, https:\/\/oasisfm935.com.ar\/site\/wp-content\/uploads\/2020\/08\/47806202-8741-49f2-a5c9-d2f930e5baa1-1024x1024.jpg 1024w, https:\/\/oasisfm935.com.ar\/site\/wp-content\/uploads\/2020\/08\/47806202-8741-49f2-a5c9-d2f930e5baa1-150x150.jpg 150w, https:\/\/oasisfm935.com.ar\/site\/wp-content\/uploads\/2020\/08\/47806202-8741-49f2-a5c9-d2f930e5baa1-768x768.jpg 768w\" sizes=\"(max-width: 1080px) 100vw, 1080px\" class=\"no-lazyload\" width=\"1080\" height=\"1080\"  style=\"display: inline-block;\" \/><\/div>","protected":false},"excerpt":{"rendered":"<p>El Gobierno de la provincia de La Pampa a trav\u00e9s del Ministerio de Salud comunica que en horas de la ma\u00f1ana del<\/p>\n","protected":false},"author":4,"featured_media":6882,"comment_status":"closed","ping_status":"open","sticky":false,"template":"","format":"standard","meta":{"colormag_page_layout":"default_layout","footnotes":""},"categories":[2],"tags":[],"class_list":["post-6881","post","type-post","status-publish","format-standard","has-post-thumbnail","hentry","category-noticias"],"_links":{"self":[{"href":"https:\/\/oasisfm935.com.ar\/site\/wp-json\/wp\/v2\/posts\/6881","targetHints":{"allow":["GET"]}}],"collection":[{"href":"https:\/\/oasisfm935.com.ar\/site\/wp-json\/wp\/v2\/posts"}],"about":[{"href":"https:\/\/oasisfm935.com.ar\/site\/wp-json\/wp\/v2\/types\/post"}],"author":[{"embeddable":true,"href":"https:\/\/oasisfm935.com.ar\/site\/wp-json\/wp\/v2\/users\/4"}],"replies":[{"embeddable":true,"href":"https:\/\/oasisfm935.com.ar\/site\/wp-json\/wp\/v2\/comments?post=6881"}],"version-history":[{"count":1,"href":"https:\/\/oasisfm935.com.ar\/site\/wp-json\/wp\/v2\/posts\/6881\/revisions"}],"predecessor-version":[{"id":6883,"href":"https:\/\/oasisfm935.com.ar\/site\/wp-json\/wp\/v2\/posts\/6881\/revisions\/6883"}],"wp:featuredmedia":[{"embeddable":true,"href":"https:\/\/oasisfm935.com.ar\/site\/wp-json\/wp\/v2\/media\/6882"}],"wp:attachment":[{"href":"https:\/\/oasisfm935.com.ar\/site\/wp-json\/wp\/v2\/media?parent=6881"}],"wp:term":[{"taxonomy":"category","embeddable":true,"href":"https:\/\/oasisfm935.com.ar\/site\/wp-json\/wp\/v2\/categories?post=6881"},{"taxonomy":"post_tag","embeddable":true,"href":"https:\/\/oasisfm935.com.ar\/site\/wp-json\/wp\/v2\/tags?post=6881"}],"curies":[{"name":"wp","href":"https:\/\/api.w.org\/{rel}","templated":true}]}}