{"id":6888,"date":"2020-09-17T20:38:24","date_gmt":"2020-09-17T23:38:24","guid":{"rendered":"http:\/\/oasisfm935.com\/site\/?p=6888"},"modified":"2020-09-17T20:38:24","modified_gmt":"2020-09-17T23:38:24","slug":"coronavirus-la-pampa-se-detectaron-13-nuevos-casos-y-ahora-hay-4-407-personas-aisladas","status":"publish","type":"post","link":"https:\/\/oasisfm935.com.ar\/site\/coronavirus-la-pampa-se-detectaron-13-nuevos-casos-y-ahora-hay-4-407-personas-aisladas\/","title":{"rendered":"Coronavirus La Pampa: Se detectaron 13 nuevos casos y ahora hay 4.407 personas aisladas"},"content":{"rendered":"<p>El Gobierno de la provincia de La Pampa a trav\u00e9s del Ministerio de Salud comunic\u00f3 que en horas de la tarde del d\u00eda de la fecha, se finaliz\u00f3 con el procesamiento de 121 muestras en los laboratorios de Epidemiolog\u00eda del Hospital Lucio Molas y del Gobernador Centeno, de las cuales 13 resultaron positivas para COVID-19.<\/p>\n<p>De las 13 muestras confirmadas como positivas para COVID-19, 8 de ellas se corresponden con personas residentes en la localidad de Intendente Alvear, 2 en Bernasconi, 2 en Santa Rosa y 1 en Bernardo Larroud\u00e9.<\/p>\n<p>Desde el Gobierno agregaron que se est\u00e1 trabajando en la investigaci\u00f3n epidemiol\u00f3gica de los casos. Todas las personas se encuentran cumpliendo aislamiento, medida es fundamental para intentar frenar la diseminaci\u00f3n del virus.<\/p>\n<p><strong>Situaci\u00f3n en La Pampa<\/strong><\/p>\n<p>Desde el inicio de la pandemia, se registraron un total de 508 casos positivos para COVID-19, de los cuales 281 permanecen activos, 3 han fallecido y 224 se han recuperado.<\/p>\n<p>Los casos confirmados activos est\u00e1n distribuidos de la siguiente manera: 148 en Intendente Alvear, 22 en la ciudad de Santa Rosa, 28 en 25 de Mayo, 47 en Bernardo Larroud\u00e9, 13 en General Pico, 4 en Catril\u00f3 ,2 en Toay, 1 en General Acha, 8 en Realic\u00f3, 2 en Rancul, 1 en Doblas, 1 en Conhello, 3 en Bernasconi y 1 en Quem\u00fa Quem\u00fa<\/p>\n<p>Al d\u00eda de la fecha se encuentran aisladas un total de 4.407 personas en toda la Provincia.<\/p>\n<p><strong>Internados<\/strong><\/p>\n<p>Se encuentran internadas 20 personas confirmadas para COVID-19. En General Pico 13 (3 en sala de terapia intensiva con pron\u00f3stico reservado y 10 en modulares).<\/p>\n<p>En el Centro de Enfermedades de Asistencia Respiratoria (CEAR) de Santa Rosa se encuentran internadas 7 personas en sala de cl\u00ednica m\u00e9dica.<\/p>\n<p><strong>Aclaraci\u00f3n sobre la carga de casos confirmados en el reporte nacional<\/strong><\/p>\n<p>Salud consider\u00f3 importante aclarar que existe una diferencia de casos confirmados entre el Reporte Provincial y el Nacional, ya que se asisten y notifican pacientes que viven en otras provincias que tienen domicilio legal (el que figura en el DNI) en la provincia de La Pampa.<\/p>\n<div class=\"oasis-despues-del-contenido\" id=\"oasis-3601472409\"><img loading=\"lazy\" decoding=\"async\" src=\"https:\/\/oasisfm935.com.ar\/site\/wp-content\/uploads\/2020\/08\/47806202-8741-49f2-a5c9-d2f930e5baa1.jpg\" alt=\"\"  srcset=\"https:\/\/oasisfm935.com.ar\/site\/wp-content\/uploads\/2020\/08\/47806202-8741-49f2-a5c9-d2f930e5baa1.jpg 1080w, https:\/\/oasisfm935.com.ar\/site\/wp-content\/uploads\/2020\/08\/47806202-8741-49f2-a5c9-d2f930e5baa1-300x300.jpg 300w, https:\/\/oasisfm935.com.ar\/site\/wp-content\/uploads\/2020\/08\/47806202-8741-49f2-a5c9-d2f930e5baa1-1024x1024.jpg 1024w, https:\/\/oasisfm935.com.ar\/site\/wp-content\/uploads\/2020\/08\/47806202-8741-49f2-a5c9-d2f930e5baa1-150x150.jpg 150w, https:\/\/oasisfm935.com.ar\/site\/wp-content\/uploads\/2020\/08\/47806202-8741-49f2-a5c9-d2f930e5baa1-768x768.jpg 768w\" sizes=\"(max-width: 1080px) 100vw, 1080px\" class=\"no-lazyload\" width=\"1080\" height=\"1080\"  style=\"display: inline-block;\" \/><\/div>","protected":false},"excerpt":{"rendered":"<p>El Gobierno de la provincia de La Pampa a trav\u00e9s del Ministerio de Salud comunic\u00f3 que en horas de la tarde del<\/p>\n","protected":false},"author":4,"featured_media":6889,"comment_status":"closed","ping_status":"open","sticky":false,"template":"","format":"standard","meta":{"colormag_page_layout":"default_layout","footnotes":""},"categories":[2],"tags":[],"class_list":["post-6888","post","type-post","status-publish","format-standard","has-post-thumbnail","hentry","category-noticias"],"_links":{"self":[{"href":"https:\/\/oasisfm935.com.ar\/site\/wp-json\/wp\/v2\/posts\/6888","targetHints":{"allow":["GET"]}}],"collection":[{"href":"https:\/\/oasisfm935.com.ar\/site\/wp-json\/wp\/v2\/posts"}],"about":[{"href":"https:\/\/oasisfm935.com.ar\/site\/wp-json\/wp\/v2\/types\/post"}],"author":[{"embeddable":true,"href":"https:\/\/oasisfm935.com.ar\/site\/wp-json\/wp\/v2\/users\/4"}],"replies":[{"embeddable":true,"href":"https:\/\/oasisfm935.com.ar\/site\/wp-json\/wp\/v2\/comments?post=6888"}],"version-history":[{"count":1,"href":"https:\/\/oasisfm935.com.ar\/site\/wp-json\/wp\/v2\/posts\/6888\/revisions"}],"predecessor-version":[{"id":6890,"href":"https:\/\/oasisfm935.com.ar\/site\/wp-json\/wp\/v2\/posts\/6888\/revisions\/6890"}],"wp:featuredmedia":[{"embeddable":true,"href":"https:\/\/oasisfm935.com.ar\/site\/wp-json\/wp\/v2\/media\/6889"}],"wp:attachment":[{"href":"https:\/\/oasisfm935.com.ar\/site\/wp-json\/wp\/v2\/media?parent=6888"}],"wp:term":[{"taxonomy":"category","embeddable":true,"href":"https:\/\/oasisfm935.com.ar\/site\/wp-json\/wp\/v2\/categories?post=6888"},{"taxonomy":"post_tag","embeddable":true,"href":"https:\/\/oasisfm935.com.ar\/site\/wp-json\/wp\/v2\/tags?post=6888"}],"curies":[{"name":"wp","href":"https:\/\/api.w.org\/{rel}","templated":true}]}}