{"id":6895,"date":"2020-09-18T10:57:22","date_gmt":"2020-09-18T13:57:22","guid":{"rendered":"http:\/\/oasisfm935.com\/site\/?p=6895"},"modified":"2020-09-18T10:57:22","modified_gmt":"2020-09-18T13:57:22","slug":"ing-luiggi-se-prepara-para-celebrar-el-110o-aniversario-de-una-manera-diferente","status":"publish","type":"post","link":"https:\/\/oasisfm935.com.ar\/site\/ing-luiggi-se-prepara-para-celebrar-el-110o-aniversario-de-una-manera-diferente\/","title":{"rendered":"Ing. Luiggi se prepara para celebrar el 110\u00ba aniversario de una \u00abmanera diferente\u00bb"},"content":{"rendered":"<p>En este contexto de pandemia,<strong>\u00a0este a\u00f1o los festejos por los 110 a\u00f1os de Ingeniero Luiggi ser\u00e1n diferentes, apelando a la virtualidad.<\/strong>\u00a0Se realizar\u00e1 una pe\u00f1a virutal con la participaci\u00f3n de artistas locales y el domingo por la ma\u00f1ana el acto protocolar que ser\u00e1 transmitido por las redes sociales del municipio.<\/p>\n<p><strong>La intendenta Patricia Lavin<\/strong>\u00a0dialog\u00f3 con\u00a0<strong>Zonal Noticias<\/strong>\u00a0y relat\u00f3 \u00abes un momento especial para un aniversario m\u00e1s de nuestra localidad, nosotros desde el mismo momento en que asumimos, empezamos a dise\u00f1ar los festejos por estos 110 a\u00f1os, pero este contexto de pandemia nos oblig\u00f3 a reprogramarlos teniendo en cuenta los protocolos frente al Covid\u00bb.<\/p>\n<p>En el transcurso del mes del aniversario se impuls\u00f3 la Feria Virtual \u00ab<strong>Luiggi Crea\u00bb<\/strong>\u00a0donde los emprendedores y emprendedoras pudieron visibilizar a trav\u00e9s de las redes del municipio las producciones que realizan.\u00a0<strong>\u00abNos ha ido muy bien en ferias anteriores que realizamos en otras fechas y ahora sumamos la del mes aniversario\u00bb,\u00a0<\/strong>expres\u00f3 Lavin.<\/p>\n<p>Adem\u00e1s se invit\u00f3 a los vecinos a subir fotograf\u00edas con objetos antiguos, a trav\u00e9s de los cuales se cuenta la historia de la localidad.<\/p>\n<p><strong>\u00abPara este s\u00e1bado tenemos el programa radial retro con la conducci\u00f3n de Lucas Mazzaroni de 18 a 20 horas por Conexion Power (Se emitir\u00e1 por la Fan Page del municipio) Habr\u00e1 invitados y sorpresas para celebrar los 110 a\u00f1os de Luiggi.\u00bb<\/strong>, explic\u00f3 la intendenta de Luiggi.<\/p>\n<p><strong>Pe\u00f1a Virtual<\/strong><\/p>\n<blockquote class=\"wp-block-quote\"><p>La intendenta anunci\u00f3 tambi\u00e9n la Pe\u00f1a Virtual que se transmitir\u00e1 en la noche del s\u00e1bado con la participaci\u00f3n de varios artistas locales que se grab\u00f3 junto a Franzini Producciones desde el Centro Cultural y respetando todos los protocolos.<\/p>\n<p>\u00abVamos a ofrecerle a cada uno de los artistas la grabaci\u00f3n de su producto para que puedan mostrar lo que hacen\u00bb, se\u00f1al\u00f3.<\/p>\n<p>La intendenta se\u00f1al\u00f3<strong>: \u00abAdem\u00e1s se decor\u00f3 la localidad con los colores que representan nuestro logo, y se invit\u00f3 a vecinos y comerciantes a ornamentar sus frentes y viviendas en este mes aniversario\u00bb.<\/strong><\/p>\n<p><img decoding=\"async\" src=\"https:\/\/zonalnoticias.com\/wp-content\/uploads\/2020\/09\/luiggi-ornamentado-1024x576.jpg\" \/><\/p>\n<p>\u00abAgradecemos a los vecinos por decorar sus frentes porque es una manera de transmitir alegr\u00eda en este aniversario\u00bb, indic\u00f3 Lavin.<\/p>\n<p><img decoding=\"async\" src=\"https:\/\/zonalnoticias.com\/wp-content\/uploads\/2020\/09\/luiggi-decoracion.png\" \/><\/p>\n<p>Adem\u00e1s por estos d\u00edas desde el municipio se est\u00e1 trabajando en la\u00a0<strong>Peatonal que se est\u00e1 dise\u00f1ando frente a la Municipalidad y el Juzgado de Paz.<\/strong><\/p>\n<p><img decoding=\"async\" src=\"https:\/\/zonalnoticias.com\/wp-content\/uploads\/2020\/09\/peatonal-luiggi-1024x576.jpg\" \/><\/p>\n<p><strong>Acto protocolar<\/strong><\/p>\n<p>En relaci\u00f3n al acto protocolar, ser\u00e1 este domingo 20, d\u00eda del nacimiento de la localidad, con un sencillo acto frente al edificio municipal, a partir de las 10 horas.<\/p>\n<p><img decoding=\"async\" src=\"https:\/\/zonalnoticias.com\/wp-content\/uploads\/2020\/09\/acto-protocolar-rec.png\" \/><\/p><\/blockquote>\n<div class=\"oasis-despues-del-contenido\" id=\"oasis-487077248\"><img loading=\"lazy\" decoding=\"async\" src=\"https:\/\/oasisfm935.com.ar\/site\/wp-content\/uploads\/2020\/08\/47806202-8741-49f2-a5c9-d2f930e5baa1.jpg\" alt=\"\"  srcset=\"https:\/\/oasisfm935.com.ar\/site\/wp-content\/uploads\/2020\/08\/47806202-8741-49f2-a5c9-d2f930e5baa1.jpg 1080w, https:\/\/oasisfm935.com.ar\/site\/wp-content\/uploads\/2020\/08\/47806202-8741-49f2-a5c9-d2f930e5baa1-300x300.jpg 300w, https:\/\/oasisfm935.com.ar\/site\/wp-content\/uploads\/2020\/08\/47806202-8741-49f2-a5c9-d2f930e5baa1-1024x1024.jpg 1024w, https:\/\/oasisfm935.com.ar\/site\/wp-content\/uploads\/2020\/08\/47806202-8741-49f2-a5c9-d2f930e5baa1-150x150.jpg 150w, https:\/\/oasisfm935.com.ar\/site\/wp-content\/uploads\/2020\/08\/47806202-8741-49f2-a5c9-d2f930e5baa1-768x768.jpg 768w\" sizes=\"(max-width: 1080px) 100vw, 1080px\" class=\"no-lazyload\" width=\"1080\" height=\"1080\"  style=\"display: inline-block;\" \/><\/div>","protected":false},"excerpt":{"rendered":"<p>En este contexto de pandemia,\u00a0este a\u00f1o los festejos por los 110 a\u00f1os de Ingeniero Luiggi ser\u00e1n diferentes, apelando a la virtualidad.\u00a0Se realizar\u00e1<\/p>\n","protected":false},"author":4,"featured_media":6896,"comment_status":"closed","ping_status":"open","sticky":false,"template":"","format":"standard","meta":{"colormag_page_layout":"default_layout","footnotes":""},"categories":[2],"tags":[],"class_list":["post-6895","post","type-post","status-publish","format-standard","has-post-thumbnail","hentry","category-noticias"],"_links":{"self":[{"href":"https:\/\/oasisfm935.com.ar\/site\/wp-json\/wp\/v2\/posts\/6895","targetHints":{"allow":["GET"]}}],"collection":[{"href":"https:\/\/oasisfm935.com.ar\/site\/wp-json\/wp\/v2\/posts"}],"about":[{"href":"https:\/\/oasisfm935.com.ar\/site\/wp-json\/wp\/v2\/types\/post"}],"author":[{"embeddable":true,"href":"https:\/\/oasisfm935.com.ar\/site\/wp-json\/wp\/v2\/users\/4"}],"replies":[{"embeddable":true,"href":"https:\/\/oasisfm935.com.ar\/site\/wp-json\/wp\/v2\/comments?post=6895"}],"version-history":[{"count":1,"href":"https:\/\/oasisfm935.com.ar\/site\/wp-json\/wp\/v2\/posts\/6895\/revisions"}],"predecessor-version":[{"id":6897,"href":"https:\/\/oasisfm935.com.ar\/site\/wp-json\/wp\/v2\/posts\/6895\/revisions\/6897"}],"wp:featuredmedia":[{"embeddable":true,"href":"https:\/\/oasisfm935.com.ar\/site\/wp-json\/wp\/v2\/media\/6896"}],"wp:attachment":[{"href":"https:\/\/oasisfm935.com.ar\/site\/wp-json\/wp\/v2\/media?parent=6895"}],"wp:term":[{"taxonomy":"category","embeddable":true,"href":"https:\/\/oasisfm935.com.ar\/site\/wp-json\/wp\/v2\/categories?post=6895"},{"taxonomy":"post_tag","embeddable":true,"href":"https:\/\/oasisfm935.com.ar\/site\/wp-json\/wp\/v2\/tags?post=6895"}],"curies":[{"name":"wp","href":"https:\/\/api.w.org\/{rel}","templated":true}]}}