{"id":6899,"date":"2020-09-18T11:31:04","date_gmt":"2020-09-18T14:31:04","guid":{"rendered":"http:\/\/oasisfm935.com\/site\/?p=6899"},"modified":"2020-09-18T11:35:24","modified_gmt":"2020-09-18T14:35:24","slug":"permiten-reuniones-sociales-el-dia-de-la-primavera","status":"publish","type":"post","link":"https:\/\/oasisfm935.com.ar\/site\/permiten-reuniones-sociales-el-dia-de-la-primavera\/","title":{"rendered":"\u00a1Bienvenida primavera!  La Pampa habilit\u00f3 nuevos horarios y permitir\u00e1 las reuniones por el d\u00eda del estudiante"},"content":{"rendered":"<p class=\"lead nota-detalle-bajada\"><strong>La Provincia adapt\u00f3 las franjas horarias al cambio de estaci\u00f3n. De lunes a domingo, entre las 7 y las 22 horas, podr\u00e1n desarrollarse actividades econ\u00f3micas en general, deportivas, recreativas, art\u00edsticas, culturales, religiosas y tur\u00edsticas. <\/strong><\/p>\n<p class=\"lead nota-detalle-bajada\">Gastronom\u00eda y bares podr\u00e1n abrir entre las 7 y las 24 horas y atender mesas de hasta 10 personas. Por el d\u00eda de las y los estudiantes se permitir\u00e1n, de manera excepcional, reuniones sociales en domicilios particulares entre las 8 y las 19 horas con un m\u00e1ximo de 10 asistentes.<\/p>\n<div class=\"nota-detalle-cuerpo\">Las nuevas franjas horarias y el dispositivo especial para que los estudiantes pampeanos puedan celebrar su d\u00eda fueron resueltos por el gobernador Sergio Ziliotto, con el objetivo de adaptar progresivamente todas las actividades a la nueva normalidad que impone la pandemia.<\/div>\n<div class=\"nota-detalle-cuerpo\"><strong>En este sentido se dispusieron nuevos horarios en funci\u00f3n del ingreso a una nueva estaci\u00f3n del a\u00f1o en la que hay m\u00e1s horas de luz y se elevan sensiblemente las temperaturas.<\/strong><strong>Nuevas franjas horarias<\/strong><br \/>\nDe lunes a domingo, entre las 7 y las\u00a0 22 horas podr\u00e1n desarrollarse actividades econ\u00f3micas en general, actividades deportivas, art\u00edsticas, culturales, recreativas, y religiosas. Tambi\u00e9n se permiten actividades tur\u00edsticas, agencias y puestos fijos de DAFAS y clases deportivas, culturales, art\u00edsticas y recreativas no dependientes de los ministerios de Educaci\u00f3n de la Naci\u00f3n o la Provincia.<br \/>\nEn cuanto a la gastronom\u00eda y los bares, con o sin atenci\u00f3n de p\u00fablico en el local, se determin\u00f3 que podr\u00e1n abrir entre las 7 y las 24 horas, y se ampli\u00f3 a 10 la capacidad m\u00e1xima de personas por mesa. Sigue vigente la tolerancia de una hora de atenci\u00f3n de clientes y presencia de p\u00fablico luego del cierre de los locales.<strong>Celebrar respetando medidas sanitarias<\/strong><br \/>\nLa llegada del d\u00eda de la primavera y el habitual festejo estudiantil motiv\u00f3 al Gobierno provincial a prever, en forma excepcional, la habilitaci\u00f3n de encuentros sociales el pr\u00f3ximo lunes 21 de septiembre.<br \/>\nEstos se suman a los encuentros que se lleven a cabo en lugares abiertos ya autorizados por el Gobierno nacional a trav\u00e9s del art\u00edculo 26\u00b0 del DNU 714\/20. En ning\u00fan caso est\u00e1 permitido exceder el n\u00famero de 10 personas.<br \/>\nLa decisi\u00f3n fue planificada con la antelaci\u00f3n suficiente y analizada con intendentes v\u00eda Zoom d\u00edas atr\u00e1s, para que distintas \u00e1reas del Gobierno provincial pusieran en marcha mecanismos tendientes a promover \u201cel compromiso, solidaridad y responsabilidad social\u201d en todos las festejos, cumpliendo \u201clas formas, condiciones y modalidades aconsejadas\u201d, como as\u00ed tambi\u00e9n las \u201crecomendaciones de las autoridades sanitarias nacionales y provinciales\u201d.<br \/>\nEsta medida no alcanza a Intendente Alvear, Bernardo Larroud\u00e9, 25 de Mayo y La Adela en virtud de su situaci\u00f3n epidemiol\u00f3gica.<\/p>\n<p><strong>Folleter\u00eda y barbijos<\/strong><br \/>\nLa planificaci\u00f3n contempla la coordinaci\u00f3n del Gobierno provincial con todos los Municipios pampeanos, tal lo normado en el art\u00edculo 29 del DNU 714\/20, con el objetivo de garantizar las medidas dispuestas por las autoridades sanitarias pampeanas.<br \/>\nDesde el ministerio de Desarrollo Social se distribuir\u00e1 en distintas localidades folleter\u00eda y barbijos para repartir entre los estudiantes mientras se recomienda su uso permanente.<br \/>\nLas medidas establecidas y recomendadas para evitar contagios son no compartir mate, infusiones ni vajilla; mantener el distanciamiento social; y contar con elementos como jab\u00f3n y\/o alcohol en gel para la higiene frecuente manos. Son las medidas m\u00ednimas que se deben adoptar en todos los encuentros.<\/p>\n<\/div>\n<div class=\"oasis-despues-del-contenido\" id=\"oasis-2513761207\"><img loading=\"lazy\" decoding=\"async\" src=\"https:\/\/oasisfm935.com.ar\/site\/wp-content\/uploads\/2020\/08\/47806202-8741-49f2-a5c9-d2f930e5baa1.jpg\" alt=\"\"  srcset=\"https:\/\/oasisfm935.com.ar\/site\/wp-content\/uploads\/2020\/08\/47806202-8741-49f2-a5c9-d2f930e5baa1.jpg 1080w, https:\/\/oasisfm935.com.ar\/site\/wp-content\/uploads\/2020\/08\/47806202-8741-49f2-a5c9-d2f930e5baa1-300x300.jpg 300w, https:\/\/oasisfm935.com.ar\/site\/wp-content\/uploads\/2020\/08\/47806202-8741-49f2-a5c9-d2f930e5baa1-1024x1024.jpg 1024w, https:\/\/oasisfm935.com.ar\/site\/wp-content\/uploads\/2020\/08\/47806202-8741-49f2-a5c9-d2f930e5baa1-150x150.jpg 150w, https:\/\/oasisfm935.com.ar\/site\/wp-content\/uploads\/2020\/08\/47806202-8741-49f2-a5c9-d2f930e5baa1-768x768.jpg 768w\" sizes=\"(max-width: 1080px) 100vw, 1080px\" class=\"no-lazyload\" width=\"1080\" height=\"1080\"  style=\"display: inline-block;\" \/><\/div>","protected":false},"excerpt":{"rendered":"<p>La Provincia adapt\u00f3 las franjas horarias al cambio de estaci\u00f3n. De lunes a domingo, entre las 7 y las 22 horas, podr\u00e1n<\/p>\n","protected":false},"author":4,"featured_media":6900,"comment_status":"closed","ping_status":"open","sticky":false,"template":"","format":"standard","meta":{"colormag_page_layout":"default_layout","footnotes":""},"categories":[2],"tags":[],"class_list":["post-6899","post","type-post","status-publish","format-standard","has-post-thumbnail","hentry","category-noticias"],"_links":{"self":[{"href":"https:\/\/oasisfm935.com.ar\/site\/wp-json\/wp\/v2\/posts\/6899","targetHints":{"allow":["GET"]}}],"collection":[{"href":"https:\/\/oasisfm935.com.ar\/site\/wp-json\/wp\/v2\/posts"}],"about":[{"href":"https:\/\/oasisfm935.com.ar\/site\/wp-json\/wp\/v2\/types\/post"}],"author":[{"embeddable":true,"href":"https:\/\/oasisfm935.com.ar\/site\/wp-json\/wp\/v2\/users\/4"}],"replies":[{"embeddable":true,"href":"https:\/\/oasisfm935.com.ar\/site\/wp-json\/wp\/v2\/comments?post=6899"}],"version-history":[{"count":4,"href":"https:\/\/oasisfm935.com.ar\/site\/wp-json\/wp\/v2\/posts\/6899\/revisions"}],"predecessor-version":[{"id":6904,"href":"https:\/\/oasisfm935.com.ar\/site\/wp-json\/wp\/v2\/posts\/6899\/revisions\/6904"}],"wp:featuredmedia":[{"embeddable":true,"href":"https:\/\/oasisfm935.com.ar\/site\/wp-json\/wp\/v2\/media\/6900"}],"wp:attachment":[{"href":"https:\/\/oasisfm935.com.ar\/site\/wp-json\/wp\/v2\/media?parent=6899"}],"wp:term":[{"taxonomy":"category","embeddable":true,"href":"https:\/\/oasisfm935.com.ar\/site\/wp-json\/wp\/v2\/categories?post=6899"},{"taxonomy":"post_tag","embeddable":true,"href":"https:\/\/oasisfm935.com.ar\/site\/wp-json\/wp\/v2\/tags?post=6899"}],"curies":[{"name":"wp","href":"https:\/\/api.w.org\/{rel}","templated":true}]}}