{"id":6908,"date":"2020-09-18T14:06:27","date_gmt":"2020-09-18T17:06:27","guid":{"rendered":"http:\/\/oasisfm935.com\/site\/?p=6908"},"modified":"2020-09-18T14:06:27","modified_gmt":"2020-09-18T17:06:27","slug":"la-pampa-cinco-positivos-de-coronavirus-que-estaban-aislados","status":"publish","type":"post","link":"https:\/\/oasisfm935.com.ar\/site\/la-pampa-cinco-positivos-de-coronavirus-que-estaban-aislados\/","title":{"rendered":"La Pampa Cinco positivos de coronavirus que estaban aislados."},"content":{"rendered":"<p>De 113 muestras, este viernes al mediod\u00eda hubo cinco positivos. El gobierno destac\u00f3 que no\u00a0 circulaban.\u00a0Dos en Quem\u00fa, y uno en Pico, Santa Rosa y Realic\u00f3.<\/p>\n<p>El Gobierno de la provincia de La Pampa, a trav\u00e9s del Ministerio de Salud, comunic\u00f3 que en horas de la ma\u00f1ana del d\u00eda 18 de septiembre, se finaliz\u00f3 con el procesamiento de 113 muestras en los laboratorios de Epidemiolog\u00eda, del Hospital Lucio Molas y del Gobernador Centeno, de las cuales 5 resultaron positivas para COVID-19. Entre ellas, 1 reside en Santa Rosa, 1 en Realic\u00f3, 2 en Quem\u00fa Quem\u00fa y 1 en General Pico.\u00a0Se contin\u00faa trabajando en la investigaci\u00f3n epidemiol\u00f3gica de los casos. Todas las personas se encuentran cumpliendo aislamiento.<\/p>\n<p>Situaci\u00f3n Provincial<br \/>\nDesde el inicio de la pandemia, en nuestra provincia, se registraron un total 513 casos positivos para COVID-19, de los cuales 278 permanecen activos, 3 han fallecido y 232 se han recuperado, entre estos \u00faltimos\u00a0 se encuentran 8 personas de la localidad de Larroud\u00e9, a los que se les otorg\u00f3 el alta m\u00e9dica.\u00a0 \u00a0Los casos confirmados activos est\u00e1n distribuidos de la siguiente manera: 148 en Intendente Alvear, 23 en la ciudad de Santa Rosa, 28 en 25 de mayo, 39 en Larroud\u00e9, 14 en General Pico, 4 en Catril\u00f3 ,2 en Toay, 1 en General Acha, 9 en Realic\u00f3, 2 en Rancul, 1 en Doblas, 1 en Conhello, 3 en Bernasconi y\u00a0 3 en Quem\u00fa Quem\u00fa.<br \/>\nAl d\u00eda de la fecha se encuentran aisladas un total de 4415 personas en toda la provincia.<\/p>\n<p>Se encuentran internadas 24 personas confirmadas para COVID-19.\u00a0En General Pico 17 personas, 3 en Terapia intensiva con pron\u00f3stico reservado y 14 en modulares. En el Centro de Enfermedades de Asistencia Respiratoria de Santa Rosa, se encuentran internadas 7 personas en cl\u00ednica m\u00e9dica.<\/p>\n<div class=\"oasis-despues-del-contenido\" id=\"oasis-667562772\"><img loading=\"lazy\" decoding=\"async\" src=\"https:\/\/oasisfm935.com.ar\/site\/wp-content\/uploads\/2020\/08\/47806202-8741-49f2-a5c9-d2f930e5baa1.jpg\" alt=\"\"  srcset=\"https:\/\/oasisfm935.com.ar\/site\/wp-content\/uploads\/2020\/08\/47806202-8741-49f2-a5c9-d2f930e5baa1.jpg 1080w, https:\/\/oasisfm935.com.ar\/site\/wp-content\/uploads\/2020\/08\/47806202-8741-49f2-a5c9-d2f930e5baa1-300x300.jpg 300w, https:\/\/oasisfm935.com.ar\/site\/wp-content\/uploads\/2020\/08\/47806202-8741-49f2-a5c9-d2f930e5baa1-1024x1024.jpg 1024w, https:\/\/oasisfm935.com.ar\/site\/wp-content\/uploads\/2020\/08\/47806202-8741-49f2-a5c9-d2f930e5baa1-150x150.jpg 150w, https:\/\/oasisfm935.com.ar\/site\/wp-content\/uploads\/2020\/08\/47806202-8741-49f2-a5c9-d2f930e5baa1-768x768.jpg 768w\" sizes=\"(max-width: 1080px) 100vw, 1080px\" class=\"no-lazyload\" width=\"1080\" height=\"1080\"  style=\"display: inline-block;\" \/><\/div>","protected":false},"excerpt":{"rendered":"<p>De 113 muestras, este viernes al mediod\u00eda hubo cinco positivos. El gobierno destac\u00f3 que no\u00a0 circulaban.\u00a0Dos en Quem\u00fa, y uno en Pico,<\/p>\n","protected":false},"author":4,"featured_media":6909,"comment_status":"closed","ping_status":"open","sticky":false,"template":"","format":"standard","meta":{"colormag_page_layout":"default_layout","footnotes":""},"categories":[2],"tags":[],"class_list":["post-6908","post","type-post","status-publish","format-standard","has-post-thumbnail","hentry","category-noticias"],"_links":{"self":[{"href":"https:\/\/oasisfm935.com.ar\/site\/wp-json\/wp\/v2\/posts\/6908","targetHints":{"allow":["GET"]}}],"collection":[{"href":"https:\/\/oasisfm935.com.ar\/site\/wp-json\/wp\/v2\/posts"}],"about":[{"href":"https:\/\/oasisfm935.com.ar\/site\/wp-json\/wp\/v2\/types\/post"}],"author":[{"embeddable":true,"href":"https:\/\/oasisfm935.com.ar\/site\/wp-json\/wp\/v2\/users\/4"}],"replies":[{"embeddable":true,"href":"https:\/\/oasisfm935.com.ar\/site\/wp-json\/wp\/v2\/comments?post=6908"}],"version-history":[{"count":1,"href":"https:\/\/oasisfm935.com.ar\/site\/wp-json\/wp\/v2\/posts\/6908\/revisions"}],"predecessor-version":[{"id":6910,"href":"https:\/\/oasisfm935.com.ar\/site\/wp-json\/wp\/v2\/posts\/6908\/revisions\/6910"}],"wp:featuredmedia":[{"embeddable":true,"href":"https:\/\/oasisfm935.com.ar\/site\/wp-json\/wp\/v2\/media\/6909"}],"wp:attachment":[{"href":"https:\/\/oasisfm935.com.ar\/site\/wp-json\/wp\/v2\/media?parent=6908"}],"wp:term":[{"taxonomy":"category","embeddable":true,"href":"https:\/\/oasisfm935.com.ar\/site\/wp-json\/wp\/v2\/categories?post=6908"},{"taxonomy":"post_tag","embeddable":true,"href":"https:\/\/oasisfm935.com.ar\/site\/wp-json\/wp\/v2\/tags?post=6908"}],"curies":[{"name":"wp","href":"https:\/\/api.w.org\/{rel}","templated":true}]}}