{"id":6911,"date":"2020-09-18T21:15:05","date_gmt":"2020-09-19T00:15:05","guid":{"rendered":"http:\/\/oasisfm935.com\/site\/?p=6911"},"modified":"2020-09-18T21:15:05","modified_gmt":"2020-09-19T00:15:05","slug":"la-pampa-otros-cuatro-casos-positivos-de-131-muestras-analizadas","status":"publish","type":"post","link":"https:\/\/oasisfm935.com.ar\/site\/la-pampa-otros-cuatro-casos-positivos-de-131-muestras-analizadas\/","title":{"rendered":"La Pampa: Otros cuatro casos positivos, de 131 muestras analizadas"},"content":{"rendered":"<p><strong>Tres de los nuevos contagios son en Intendente Alvear y uno en Bernasconi<\/strong>. Todos eran contactos estrechos, que ya estaban aislados. Se suman a los otros cinco confirmados este viernes al mediodia,\u00a0<strong>con lo cual La Pampa sum\u00f3 nueve en toda la jornada<\/strong>. Hay 4.434 personas en aislamiento en toda la provincia.<\/p>\n<p>El Gobierno Provincial, a trav\u00e9s del Ministerio de Salud, dio a conocer este viernes por la tarde que\u00a0 concluy\u00f3 el procesamiento de 131 muestras en los laboratorios de Epidemiolog\u00eda, del Hospital Lucio Molas y del Gobernador Centeno, de las cuales 4 resultaron positivas para COVID-19.<\/p>\n<p>\u00abDe las muestras diagnosticadas como positivas 3 corresponden a personas residentes en Intendente Alvear y 1 en la localidad de Bernasconi\u00bb, se indic\u00f3 en un parte de prensa oficial.<\/p>\n<p>\u00abLas personas se encuentran aisladas y se trabaja en la investigaci\u00f3n epidemiol\u00f3gica de los casos, intentando frenar la diseminaci\u00f3n del virus\u00bb, agreg\u00f3 el mismo escrito.<\/p>\n<p><strong>281 casos activos<\/strong><\/p>\n<p>En la Provincia, desde el inicio de la pandemia, se registraron un total de 517 casos positivos:\u00a0<strong>281 permanecen activos, tres fallecieron y 233 se recuperaron<\/strong>, entre ellos se encuentra un paciente de Catril\u00f3 que recibi\u00f3 el alta m\u00e9dica en la tarde de hoy.<\/p>\n<p>Los casos confirmados activos est\u00e1n distribuidos de la siguiente manera:\u00a0<strong>151 en Intendente Alvear,\u00a039 en Bernardo Larroud\u00e9,\u00a028 en 25 de Mayo, 23 en Santa Rosa, 14 en General Pico,\u00a09 en Realic\u00f3, 4 en Bernasconi, 3 en Quem\u00fa Quem\u00fa, 3 en Catril\u00f3, 2 en Toay, 2 en Rancul, 1 en General Acha, 1 en Doblas y 1 en Conhello<\/strong>.<\/p>\n<p>Al d\u00eda de la fecha se encuentran aisladas un total de 4.434 personas en toda la Provincia.<\/p>\n<p><strong>Adem\u00e1s, se encuentran internadas 28 personas<\/strong>. De ese total, 22 est\u00e1n en General Pico: 3 en terapia intensiva con \u00abpron\u00f3stico reservado\u00bb y 19 en modulares.\u00a0 Mientras que en\u00a0el Centro de Enfermedades de Asistencia Respiratoria (CEAR) de Santa Rosa se encuentran internadas 6 personas, todas en cl\u00ednica m\u00e9dica.<\/p>\n<div class=\"oasis-despues-del-contenido\" id=\"oasis-2546041081\"><img loading=\"lazy\" decoding=\"async\" src=\"https:\/\/oasisfm935.com.ar\/site\/wp-content\/uploads\/2020\/08\/47806202-8741-49f2-a5c9-d2f930e5baa1.jpg\" alt=\"\"  srcset=\"https:\/\/oasisfm935.com.ar\/site\/wp-content\/uploads\/2020\/08\/47806202-8741-49f2-a5c9-d2f930e5baa1.jpg 1080w, https:\/\/oasisfm935.com.ar\/site\/wp-content\/uploads\/2020\/08\/47806202-8741-49f2-a5c9-d2f930e5baa1-300x300.jpg 300w, https:\/\/oasisfm935.com.ar\/site\/wp-content\/uploads\/2020\/08\/47806202-8741-49f2-a5c9-d2f930e5baa1-1024x1024.jpg 1024w, https:\/\/oasisfm935.com.ar\/site\/wp-content\/uploads\/2020\/08\/47806202-8741-49f2-a5c9-d2f930e5baa1-150x150.jpg 150w, https:\/\/oasisfm935.com.ar\/site\/wp-content\/uploads\/2020\/08\/47806202-8741-49f2-a5c9-d2f930e5baa1-768x768.jpg 768w\" sizes=\"(max-width: 1080px) 100vw, 1080px\" class=\"no-lazyload\" width=\"1080\" height=\"1080\"  style=\"display: inline-block;\" \/><\/div>","protected":false},"excerpt":{"rendered":"<p>Tres de los nuevos contagios son en Intendente Alvear y uno en Bernasconi. Todos eran contactos estrechos, que ya estaban aislados. Se<\/p>\n","protected":false},"author":4,"featured_media":6912,"comment_status":"closed","ping_status":"open","sticky":false,"template":"","format":"standard","meta":{"colormag_page_layout":"default_layout","footnotes":""},"categories":[2],"tags":[],"class_list":["post-6911","post","type-post","status-publish","format-standard","has-post-thumbnail","hentry","category-noticias"],"_links":{"self":[{"href":"https:\/\/oasisfm935.com.ar\/site\/wp-json\/wp\/v2\/posts\/6911","targetHints":{"allow":["GET"]}}],"collection":[{"href":"https:\/\/oasisfm935.com.ar\/site\/wp-json\/wp\/v2\/posts"}],"about":[{"href":"https:\/\/oasisfm935.com.ar\/site\/wp-json\/wp\/v2\/types\/post"}],"author":[{"embeddable":true,"href":"https:\/\/oasisfm935.com.ar\/site\/wp-json\/wp\/v2\/users\/4"}],"replies":[{"embeddable":true,"href":"https:\/\/oasisfm935.com.ar\/site\/wp-json\/wp\/v2\/comments?post=6911"}],"version-history":[{"count":1,"href":"https:\/\/oasisfm935.com.ar\/site\/wp-json\/wp\/v2\/posts\/6911\/revisions"}],"predecessor-version":[{"id":6913,"href":"https:\/\/oasisfm935.com.ar\/site\/wp-json\/wp\/v2\/posts\/6911\/revisions\/6913"}],"wp:featuredmedia":[{"embeddable":true,"href":"https:\/\/oasisfm935.com.ar\/site\/wp-json\/wp\/v2\/media\/6912"}],"wp:attachment":[{"href":"https:\/\/oasisfm935.com.ar\/site\/wp-json\/wp\/v2\/media?parent=6911"}],"wp:term":[{"taxonomy":"category","embeddable":true,"href":"https:\/\/oasisfm935.com.ar\/site\/wp-json\/wp\/v2\/categories?post=6911"},{"taxonomy":"post_tag","embeddable":true,"href":"https:\/\/oasisfm935.com.ar\/site\/wp-json\/wp\/v2\/tags?post=6911"}],"curies":[{"name":"wp","href":"https:\/\/api.w.org\/{rel}","templated":true}]}}