{"id":6917,"date":"2020-09-19T08:55:39","date_gmt":"2020-09-19T11:55:39","guid":{"rendered":"http:\/\/oasisfm935.com\/site\/?p=6917"},"modified":"2020-09-19T08:55:39","modified_gmt":"2020-09-19T11:55:39","slug":"ypf-aumento-un-35-promedio-los-combustibles","status":"publish","type":"post","link":"https:\/\/oasisfm935.com.ar\/site\/ypf-aumento-un-35-promedio-los-combustibles\/","title":{"rendered":"YPF aument\u00f3 un 3,5% promedio los combustibles"},"content":{"rendered":"<header id=\"header\" class=\"header-header-5 has-bottom-line\">\n<div id=\"navigation-sticky-wrapper\" class=\"sticky-wrapper is-sticky\">\n<nav id=\"navigation\" class=\"header-layout-bottom menu-style-1 header-5\">\n<div class=\"container\">\n<div id=\"top-search\">La petrolera YPF puso en vigencia desde este s\u00e1bado un aumento del 3,5 por ciento promedio en el precio de sus combustibles, con un ajuste diferencial de valores de acuerdo a la regi\u00f3n del pa\u00eds. As\u00ed lo inform\u00f3 la empresa, que explic\u00f3 que el incremento se decidi\u00f3 \u201ccon el objetivo de sostener la actividad de producci\u00f3n de la compa\u00f1\u00eda teniendo en consideraci\u00f3n las particularidades del contexto macroecon\u00f3mico\u201d del pa\u00eds.<\/div>\n<\/div>\n<\/nav>\n<\/div>\n<\/header>\n<div class=\"container container-single penci_sidebar right-sidebar penci-enable-lightbox\">\n<div id=\"main\">\n<div class=\"theiaStickySidebar\">\n<article id=\"post-112096\" class=\"post-112096 post type-post status-publish format-standard has-post-thumbnail hentry category-portada category-economia tag-naftas\">\n<div class=\"post-entry blockquote-style-1\">\n<div class=\"inner-post-entry\">\n<p>Se trata del segundo aumento dispuesto por la empresa desde diciembre 2019. El anterior se hab\u00eda concretado el 19 de agosto, con una suba promedio de 4,5%, y es parte de la recomposici\u00f3n de precios en surtidor para el sector.<\/p>\n<p>Como en aquella oportunidad, se descuenta que en las pr\u00f3ximas horas el resto de las compa\u00f1\u00edas del segmento minorista de combustibles se sume a la medida.<\/p>\n<p>El aumento en los valores de surtidor de las distintas variedades de naftas y gasoil est\u00e1 vigente desde las 0 horas de hoy, s\u00e1bado 19, y de acuerdo a lo informado por YPF se realiz\u00f3 un incremento promedio a nivel pa\u00eds del 3,5 %.<ins class=\"adsbygoogle adsbygoogle-noablate\" data-ad-format=\"auto\" data-ad-client=\"ca-pub-8462277473027869\" data-adsbygoogle-status=\"done\"><ins id=\"aswift_3_expand\"><ins id=\"aswift_3_anchor\"><\/ins><\/ins><\/ins><\/p>\n<p>\u201cEste aumento se encuentra en l\u00ednea con la decisi\u00f3n de recomponer asimetr\u00edas hist\u00f3ricas a nivel federal, recortando brechas entre la Capital Federal y el interior del pa\u00eds\u201d, explic\u00f3 la empresa\u00b4.<\/p>\n<p>A modo de ejemplo, una vez calculados los costos log\u00edsticos, Jujuy esta hoy en un +4,5 % con respecto a la capital del pa\u00eds.<\/p>\n<p>La petrolera tambi\u00e9n comunic\u00f3 que sostiene el descuento al personal de salud del 15% que alcanza a unas 100.000 personas que se encuentran adheridas al programa de YPF.<\/p>\n<p>El \u00faltimo incremento se hab\u00eda registrado el 19 de agosto por un 4,5 % promedio, pero con la implementaci\u00f3n de un esquema de precios que recorte las brechas hist\u00f3ricas entre la Capital Federal y el interior del pa\u00eds.<\/p>\n<\/div>\n<\/div>\n<\/article>\n<\/div>\n<\/div>\n<\/div>\n<div class=\"oasis-despues-del-contenido\" id=\"oasis-825834006\"><img loading=\"lazy\" decoding=\"async\" src=\"https:\/\/oasisfm935.com.ar\/site\/wp-content\/uploads\/2020\/08\/47806202-8741-49f2-a5c9-d2f930e5baa1.jpg\" alt=\"\"  srcset=\"https:\/\/oasisfm935.com.ar\/site\/wp-content\/uploads\/2020\/08\/47806202-8741-49f2-a5c9-d2f930e5baa1.jpg 1080w, https:\/\/oasisfm935.com.ar\/site\/wp-content\/uploads\/2020\/08\/47806202-8741-49f2-a5c9-d2f930e5baa1-300x300.jpg 300w, https:\/\/oasisfm935.com.ar\/site\/wp-content\/uploads\/2020\/08\/47806202-8741-49f2-a5c9-d2f930e5baa1-1024x1024.jpg 1024w, https:\/\/oasisfm935.com.ar\/site\/wp-content\/uploads\/2020\/08\/47806202-8741-49f2-a5c9-d2f930e5baa1-150x150.jpg 150w, https:\/\/oasisfm935.com.ar\/site\/wp-content\/uploads\/2020\/08\/47806202-8741-49f2-a5c9-d2f930e5baa1-768x768.jpg 768w\" sizes=\"(max-width: 1080px) 100vw, 1080px\" class=\"no-lazyload\" width=\"1080\" height=\"1080\"  style=\"display: inline-block;\" \/><\/div>","protected":false},"excerpt":{"rendered":"<p>La petrolera YPF puso en vigencia desde este s\u00e1bado un aumento del 3,5 por ciento promedio en el precio de sus combustibles,<\/p>\n","protected":false},"author":4,"featured_media":6918,"comment_status":"closed","ping_status":"open","sticky":false,"template":"","format":"standard","meta":{"colormag_page_layout":"default_layout","footnotes":""},"categories":[2],"tags":[],"class_list":["post-6917","post","type-post","status-publish","format-standard","has-post-thumbnail","hentry","category-noticias"],"_links":{"self":[{"href":"https:\/\/oasisfm935.com.ar\/site\/wp-json\/wp\/v2\/posts\/6917","targetHints":{"allow":["GET"]}}],"collection":[{"href":"https:\/\/oasisfm935.com.ar\/site\/wp-json\/wp\/v2\/posts"}],"about":[{"href":"https:\/\/oasisfm935.com.ar\/site\/wp-json\/wp\/v2\/types\/post"}],"author":[{"embeddable":true,"href":"https:\/\/oasisfm935.com.ar\/site\/wp-json\/wp\/v2\/users\/4"}],"replies":[{"embeddable":true,"href":"https:\/\/oasisfm935.com.ar\/site\/wp-json\/wp\/v2\/comments?post=6917"}],"version-history":[{"count":1,"href":"https:\/\/oasisfm935.com.ar\/site\/wp-json\/wp\/v2\/posts\/6917\/revisions"}],"predecessor-version":[{"id":6919,"href":"https:\/\/oasisfm935.com.ar\/site\/wp-json\/wp\/v2\/posts\/6917\/revisions\/6919"}],"wp:featuredmedia":[{"embeddable":true,"href":"https:\/\/oasisfm935.com.ar\/site\/wp-json\/wp\/v2\/media\/6918"}],"wp:attachment":[{"href":"https:\/\/oasisfm935.com.ar\/site\/wp-json\/wp\/v2\/media?parent=6917"}],"wp:term":[{"taxonomy":"category","embeddable":true,"href":"https:\/\/oasisfm935.com.ar\/site\/wp-json\/wp\/v2\/categories?post=6917"},{"taxonomy":"post_tag","embeddable":true,"href":"https:\/\/oasisfm935.com.ar\/site\/wp-json\/wp\/v2\/tags?post=6917"}],"curies":[{"name":"wp","href":"https:\/\/api.w.org\/{rel}","templated":true}]}}