{"id":6939,"date":"2020-09-19T15:03:10","date_gmt":"2020-09-19T18:03:10","guid":{"rendered":"http:\/\/oasisfm935.com\/site\/?p=6939"},"modified":"2020-09-19T15:03:31","modified_gmt":"2020-09-19T18:03:31","slug":"la-pampa-covid-19-dos-contagios-en-toay-y-uno-en-santa-rosa","status":"publish","type":"post","link":"https:\/\/oasisfm935.com.ar\/site\/la-pampa-covid-19-dos-contagios-en-toay-y-uno-en-santa-rosa\/","title":{"rendered":"La Pampa  COVID-19: Dos contagios en Toay y uno en Santa Rosa"},"content":{"rendered":"<p>Los tres nuevos casos estaban aislados y surgieron del resultado de 46 muestras, dado a conocer durante la jornada de este s\u00e1bado.\u00a0<strong>Hay 4.210 personas en aislamiento en la provincia<\/strong>.<\/p>\n<p>El Gobierno Provincial, a trav\u00e9s del Ministerio de Salud, dio a conocer este s\u00e1bado a la ma\u00f1ana se finaliz\u00f3 con el procesamiento de 46 muestras en los laboratorios de Epidemiolog\u00eda, del Hospital Lucio Molas y del Gobernador Centeno, de las cuales 3 resultaron positivas para COVID-19.<\/p>\n<p>\u00abDe las diagnosticadas, 2 de ellas se corresponden a residentes en la localidad de Toay y 1 en la ciudad de Santa Rosa\u00bb, se indic\u00f3 en un parte de prensa oficial.<\/p>\n<p>\u00abLas personas se encuentran aisladas y se est\u00e1 trabajando en la investigaci\u00f3n epidemiol\u00f3gica de los casos, intentando frenar la diseminaci\u00f3n del virus\u00bb, agreg\u00f3 el mismo escrito.<\/p>\n<p><strong>284 casos activos<\/strong><\/p>\n<p>Desde el inicio de la pandemia, en la provincia se registraron un total de 520 casos positivos de COVID-19:\u00a0<strong>284 permanecen activos, tres fallecieron y 233 se recuperaron<\/strong>.<\/p>\n<p>Los casos confirmados activos est\u00e1n distribuidos de la siguiente manera:\u00a0<strong>151 en Intendente Alvear, 24 en la ciudad de Santa Rosa, 28 en 25 de Mayo, 39 en Bernardo Larroud\u00e9, 14 en General Pico, 3 en Catril\u00f3 ,4 en Toay, 1 en General Acha, 9 en Realic\u00f3, 2 en Rancul, 1 en Doblas, 1 en Conhello, 4 en Bernasconi y 3 en Quem\u00fa Quem\u00fa<\/strong>.<\/p>\n<div class=\"oasis-despues-del-contenido\" id=\"oasis-1797470995\"><img loading=\"lazy\" decoding=\"async\" src=\"https:\/\/oasisfm935.com.ar\/site\/wp-content\/uploads\/2020\/08\/47806202-8741-49f2-a5c9-d2f930e5baa1.jpg\" alt=\"\"  srcset=\"https:\/\/oasisfm935.com.ar\/site\/wp-content\/uploads\/2020\/08\/47806202-8741-49f2-a5c9-d2f930e5baa1.jpg 1080w, https:\/\/oasisfm935.com.ar\/site\/wp-content\/uploads\/2020\/08\/47806202-8741-49f2-a5c9-d2f930e5baa1-300x300.jpg 300w, https:\/\/oasisfm935.com.ar\/site\/wp-content\/uploads\/2020\/08\/47806202-8741-49f2-a5c9-d2f930e5baa1-1024x1024.jpg 1024w, https:\/\/oasisfm935.com.ar\/site\/wp-content\/uploads\/2020\/08\/47806202-8741-49f2-a5c9-d2f930e5baa1-150x150.jpg 150w, https:\/\/oasisfm935.com.ar\/site\/wp-content\/uploads\/2020\/08\/47806202-8741-49f2-a5c9-d2f930e5baa1-768x768.jpg 768w\" sizes=\"(max-width: 1080px) 100vw, 1080px\" class=\"no-lazyload\" width=\"1080\" height=\"1080\"  style=\"display: inline-block;\" \/><\/div>","protected":false},"excerpt":{"rendered":"<p>Los tres nuevos casos estaban aislados y surgieron del resultado de 46 muestras, dado a conocer durante la jornada de este s\u00e1bado.\u00a0Hay<\/p>\n","protected":false},"author":4,"featured_media":6940,"comment_status":"closed","ping_status":"open","sticky":false,"template":"","format":"standard","meta":{"colormag_page_layout":"default_layout","footnotes":""},"categories":[2],"tags":[],"class_list":["post-6939","post","type-post","status-publish","format-standard","has-post-thumbnail","hentry","category-noticias"],"_links":{"self":[{"href":"https:\/\/oasisfm935.com.ar\/site\/wp-json\/wp\/v2\/posts\/6939","targetHints":{"allow":["GET"]}}],"collection":[{"href":"https:\/\/oasisfm935.com.ar\/site\/wp-json\/wp\/v2\/posts"}],"about":[{"href":"https:\/\/oasisfm935.com.ar\/site\/wp-json\/wp\/v2\/types\/post"}],"author":[{"embeddable":true,"href":"https:\/\/oasisfm935.com.ar\/site\/wp-json\/wp\/v2\/users\/4"}],"replies":[{"embeddable":true,"href":"https:\/\/oasisfm935.com.ar\/site\/wp-json\/wp\/v2\/comments?post=6939"}],"version-history":[{"count":1,"href":"https:\/\/oasisfm935.com.ar\/site\/wp-json\/wp\/v2\/posts\/6939\/revisions"}],"predecessor-version":[{"id":6941,"href":"https:\/\/oasisfm935.com.ar\/site\/wp-json\/wp\/v2\/posts\/6939\/revisions\/6941"}],"wp:featuredmedia":[{"embeddable":true,"href":"https:\/\/oasisfm935.com.ar\/site\/wp-json\/wp\/v2\/media\/6940"}],"wp:attachment":[{"href":"https:\/\/oasisfm935.com.ar\/site\/wp-json\/wp\/v2\/media?parent=6939"}],"wp:term":[{"taxonomy":"category","embeddable":true,"href":"https:\/\/oasisfm935.com.ar\/site\/wp-json\/wp\/v2\/categories?post=6939"},{"taxonomy":"post_tag","embeddable":true,"href":"https:\/\/oasisfm935.com.ar\/site\/wp-json\/wp\/v2\/tags?post=6939"}],"curies":[{"name":"wp","href":"https:\/\/api.w.org\/{rel}","templated":true}]}}