{"id":6942,"date":"2020-09-19T21:02:24","date_gmt":"2020-09-20T00:02:24","guid":{"rendered":"http:\/\/oasisfm935.com\/site\/?p=6942"},"modified":"2020-09-19T21:02:56","modified_gmt":"2020-09-20T00:02:56","slug":"coronavirus-la-pampa-otros-10-casos-positivos-de-159-muestras-analizadas","status":"publish","type":"post","link":"https:\/\/oasisfm935.com.ar\/site\/coronavirus-la-pampa-otros-10-casos-positivos-de-159-muestras-analizadas\/","title":{"rendered":"Coronavirus La Pampa: Otros 10 casos positivos, de 159 muestras analizadas."},"content":{"rendered":"<p><strong>Se suman a los tres contagios informados este s\u00e1bado al mediod\u00eda: cuatro en Alvear, tres en Larroud\u00e9, dos en General Pico y uno en Quem\u00fa. Todos estaban aislados.\u00a0<\/strong>En toda la jornada se procesaron 205 muestras y la provincia sum\u00f3 13 nuevos infectados.<\/p>\n<p>El Gobierno Provincial, a trav\u00e9s del Ministerio de Salud, dio a conocer que durante la tarde de este s\u00e1bado se finaliz\u00f3 con el procesamiento de 159 muestras, en los laboratorios de Epidemiolog\u00eda, del Hospital Lucio Molas y del Gobernador Centeno, de las cuales 10 resultaron positivas para COVID-19.<\/p>\n<p>\u00abCuatro de ellas residen en la localidad de Alvear, 3 en Larroud\u00e9, 2 en General Pico y 1 en Quem\u00fa Quem\u00fa. Las personas se encuentran aisladas y se est\u00e1 trabajando en la investigaci\u00f3n epidemiol\u00f3gica de los casos, intentando frenar la diseminaci\u00f3n del virus\u00bb, se indic\u00f3 en un comunicado de prensa oficial.<\/p>\n<p><strong>282 casos activos<\/strong><\/p>\n<p>Desde el inicio de la pandemia, en nuestra provincia, se registraron un total 530 casos positivos de COVID-19:\u00a0<strong>282 permanecen activos, 3 fallecieron\u00a0 y 245 se recuperaron<\/strong>, entre estos \u00faltimos se encuentran cinco personas de la localidad de Alvear, dos de Larroud\u00e9, dos de 25 de Mayo, una de Santa Rosa, una de Toay y una de Rancul.<\/p>\n<p>Los casos confirmados activos est\u00e1n distribuidos de la siguiente manera:\u00a0<strong>150 en Intendente Alvear, 23 en la ciudad de Santa Rosa, 26 en 25 de mayo, 40 en Larroud\u00e9, 16 en General Pico, 3 en Catril\u00f3 ,3 en Toay, 1 en General Acha, 9 en Realic\u00f3, 1 en Rancul, 1 en Doblas, 1 en Conhello, 4 en Bernasconi y 4 en Quem\u00fa Quem\u00fa.<\/strong><\/p>\n<p>Al d\u00eda de la fecha se encuentran aisladas un total de 4170 personas en toda la provincia.<\/p>\n<p>Adem\u00e1s, se inform\u00f3 que hay 23 personas internadas. De ese total, 17 est\u00e1n en General Pico: tres en Terapia intensiva con \u00abpron\u00f3stico reservado\u00bb y 14 en modulares.<\/p>\n<p>Mientras que en el Centro de Enfermedades de Asistencia Respiratoria de Santa Rosa, se encuentran internadas seis personas en cl\u00ednica m\u00e9dica.<\/p>\n<p>Salud tambi\u00e9n hizo una nueva aclaraci\u00f3n sobre la carga de casos confirmados en el Reporte Nacional: \u00abes importante aclarar que existe una diferencia de casos confirmados entre el Reporte Provincial y el Nacional ya que se asisten y notifican pacientes que viven en otras provincias que tienen domicilio legal (el que figura en el DNI) en la provincia de La Pampa\u00bb, destac\u00f3 el comunicado de prensa.<\/p>\n<div class=\"oasis-despues-del-contenido\" id=\"oasis-3363653533\"><img loading=\"lazy\" decoding=\"async\" src=\"https:\/\/oasisfm935.com.ar\/site\/wp-content\/uploads\/2020\/08\/47806202-8741-49f2-a5c9-d2f930e5baa1.jpg\" alt=\"\"  srcset=\"https:\/\/oasisfm935.com.ar\/site\/wp-content\/uploads\/2020\/08\/47806202-8741-49f2-a5c9-d2f930e5baa1.jpg 1080w, https:\/\/oasisfm935.com.ar\/site\/wp-content\/uploads\/2020\/08\/47806202-8741-49f2-a5c9-d2f930e5baa1-300x300.jpg 300w, https:\/\/oasisfm935.com.ar\/site\/wp-content\/uploads\/2020\/08\/47806202-8741-49f2-a5c9-d2f930e5baa1-1024x1024.jpg 1024w, https:\/\/oasisfm935.com.ar\/site\/wp-content\/uploads\/2020\/08\/47806202-8741-49f2-a5c9-d2f930e5baa1-150x150.jpg 150w, https:\/\/oasisfm935.com.ar\/site\/wp-content\/uploads\/2020\/08\/47806202-8741-49f2-a5c9-d2f930e5baa1-768x768.jpg 768w\" sizes=\"(max-width: 1080px) 100vw, 1080px\" class=\"no-lazyload\" width=\"1080\" height=\"1080\"  style=\"display: inline-block;\" \/><\/div>","protected":false},"excerpt":{"rendered":"<p>Se suman a los tres contagios informados este s\u00e1bado al mediod\u00eda: cuatro en Alvear, tres en Larroud\u00e9, dos en General Pico y<\/p>\n","protected":false},"author":4,"featured_media":6943,"comment_status":"closed","ping_status":"open","sticky":false,"template":"","format":"standard","meta":{"colormag_page_layout":"default_layout","footnotes":""},"categories":[2],"tags":[],"class_list":["post-6942","post","type-post","status-publish","format-standard","has-post-thumbnail","hentry","category-noticias"],"_links":{"self":[{"href":"https:\/\/oasisfm935.com.ar\/site\/wp-json\/wp\/v2\/posts\/6942","targetHints":{"allow":["GET"]}}],"collection":[{"href":"https:\/\/oasisfm935.com.ar\/site\/wp-json\/wp\/v2\/posts"}],"about":[{"href":"https:\/\/oasisfm935.com.ar\/site\/wp-json\/wp\/v2\/types\/post"}],"author":[{"embeddable":true,"href":"https:\/\/oasisfm935.com.ar\/site\/wp-json\/wp\/v2\/users\/4"}],"replies":[{"embeddable":true,"href":"https:\/\/oasisfm935.com.ar\/site\/wp-json\/wp\/v2\/comments?post=6942"}],"version-history":[{"count":1,"href":"https:\/\/oasisfm935.com.ar\/site\/wp-json\/wp\/v2\/posts\/6942\/revisions"}],"predecessor-version":[{"id":6944,"href":"https:\/\/oasisfm935.com.ar\/site\/wp-json\/wp\/v2\/posts\/6942\/revisions\/6944"}],"wp:featuredmedia":[{"embeddable":true,"href":"https:\/\/oasisfm935.com.ar\/site\/wp-json\/wp\/v2\/media\/6943"}],"wp:attachment":[{"href":"https:\/\/oasisfm935.com.ar\/site\/wp-json\/wp\/v2\/media?parent=6942"}],"wp:term":[{"taxonomy":"category","embeddable":true,"href":"https:\/\/oasisfm935.com.ar\/site\/wp-json\/wp\/v2\/categories?post=6942"},{"taxonomy":"post_tag","embeddable":true,"href":"https:\/\/oasisfm935.com.ar\/site\/wp-json\/wp\/v2\/tags?post=6942"}],"curies":[{"name":"wp","href":"https:\/\/api.w.org\/{rel}","templated":true}]}}