{"id":6945,"date":"2020-09-20T13:39:37","date_gmt":"2020-09-20T16:39:37","guid":{"rendered":"http:\/\/oasisfm935.com\/site\/?p=6945"},"modified":"2020-09-20T13:39:37","modified_gmt":"2020-09-20T16:39:37","slug":"acto-por-el-aniversario-de-ingeniero-luiggi-y-anuncio-de-nueva-obra-albergue-municipal","status":"publish","type":"post","link":"https:\/\/oasisfm935.com.ar\/site\/acto-por-el-aniversario-de-ingeniero-luiggi-y-anuncio-de-nueva-obra-albergue-municipal\/","title":{"rendered":"Acto por el aniversario de Ingeniero Luiggi y anuncio de nueva obra: Albergue Municipal."},"content":{"rendered":"<p><strong>En un marco de festejos, con presencia de autoridades provinciales y municipales bajo los protocolos sanitarios correspondientes, se desarroll\u00f3 el Acto Protocolar.<\/strong><\/p>\n<p><img decoding=\"async\" src=\"https:\/\/scontent.frsa4-1.fna.fbcdn.net\/v\/t1.0-9\/119979288_3396781160405359_5244728791526728490_n.jpg?_nc_cat=102&amp;_nc_sid=8bfeb9&amp;_nc_eui2=AeFbnkNpzs__rKvlZuXEYRaP-oJzlH1dKNL6gnOUfV0o0humVh0OUEhP1YkYeavDsoehCyMIx-7j0x94lKf5i1JV&amp;_nc_ohc=aDmK7wpZEY8AX-WmkOq&amp;_nc_oc=AQne87MXQhi0QInsCbSgH4ufK0R75qJuJGaj5B-tKoMhhpBeCt5bYivGtc8DUd0OmBU&amp;_nc_ht=scontent.frsa4-1.fna&amp;oh=6e8cb70dc21b273116f1ef4abeef8ce5&amp;oe=5F8BF738\" \/><\/p>\n<p>Comenz\u00f3 con el izamiento del pabell\u00f3n nacional, descubrimiento de placas en la plaza principal y el entonado de las estrofas del himno nacional argentino.<\/p>\n<p><img decoding=\"async\" src=\"https:\/\/scontent.frsa4-1.fna.fbcdn.net\/v\/t1.0-9\/119707383_3396780287072113_33388355289605469_n.jpg?_nc_cat=101&amp;_nc_sid=8bfeb9&amp;_nc_eui2=AeH2MuYZX5PvS2bWGZGoN0HKuV5FaeIaLjS5XkVp4houNGOUd1bnIFJXuOEjB6WWu4kX-GJSLDDvR6vtBDJRLQiS&amp;_nc_ohc=zCd5uearFNQAX_2fP01&amp;_nc_ht=scontent.frsa4-1.fna&amp;oh=24d489a7821f09e0e6c68e1d9839bd05&amp;oe=5F8D0D5C\" \/><\/p>\n<p><img decoding=\"async\" src=\"https:\/\/scontent.frsa4-1.fna.fbcdn.net\/v\/t1.0-9\/119567076_3396780953738713_6629148461294603305_n.jpg?_nc_cat=108&amp;_nc_sid=8bfeb9&amp;_nc_eui2=AeG1Ks9l1WQa6XhFql8I9JnffdmaWLEMHG592ZpYsQwcbllb7aBNCYUHYaFOmBAGyvfy3mVcwikoKrWWhmgmLM13&amp;_nc_ohc=thYE-JCt6KwAX8rK411&amp;_nc_ht=scontent.frsa4-1.fna&amp;oh=30aca5822bbdaae9f83da015ff5e5962&amp;oe=5F8E6F91\" \/><\/p>\n<p>La mandataria municipal dio palabras de agradecimiento al \u00e1mbito local y provincial, hizo un recorrido de su gesti\u00f3n y extendi\u00f3 un saludo a los habitantes del pueblo.<\/p>\n<p><img decoding=\"async\" src=\"https:\/\/scontent.frsa4-1.fna.fbcdn.net\/v\/t1.0-9\/119661176_3396781597071982_2372662132081006333_n.jpg?_nc_cat=106&amp;_nc_sid=8bfeb9&amp;_nc_eui2=AeFBeTbbo_4zRAVHxiD42WAnm3naH0weCiKbedofTB4KIrWL42iftZbkd1FDdsREZeZlq4HdDZxCdcGc-WvEmGVR&amp;_nc_ohc=vqrexuOWTxUAX8AEokO&amp;_nc_ht=scontent.frsa4-1.fna&amp;oh=82477033c5030e405ea0240311ed6097&amp;oe=5F8EA95D\" \/><\/p>\n<p>Por otro lado, el Secretario de Asuntos Municipales, Rogelio Schanton felicit\u00f3 a su pueblo, transmiti\u00f3 saludos del Sr. gobernador e hizo un anuncio de obra para la localidad: el albergue municipal.<\/p>\n<p><img decoding=\"async\" src=\"https:\/\/scontent.frsa4-1.fna.fbcdn.net\/v\/t1.0-9\/119804493_3396781790405296_2256315502876840944_n.jpg?_nc_cat=111&amp;_nc_sid=8bfeb9&amp;_nc_eui2=AeEge_gqOFe_GbR_oeeq4_5qkVWwOaDY50SRVbA5oNjnRC0ErqF_dg0ej8t3Aux5tY_vx_vjGTmUGlIFp_lqjdFU&amp;_nc_ohc=JLAMpKsL0DIAX-SQyDE&amp;_nc_ht=scontent.frsa4-1.fna&amp;oh=216f3c216fa18aed3646318dffab6a43&amp;oe=5F8C2723\" \/><\/p>\n<p><img decoding=\"async\" src=\"https:\/\/scontent.frsa4-1.fna.fbcdn.net\/v\/l\/t1.0-9\/119598884_3396782157071926_1341984537973633452_n.jpg?_nc_cat=110&amp;_nc_sid=8bfeb9&amp;_nc_eui2=AeE3oMGA71p2vZJceQXCuShyFkaVrHuJhXQWRpWse4mFdGzxVwmWVTP7dS7UP8SLlI_1DuDl17uRXVzDi1FwkU4J&amp;_nc_ohc=MouB87zHfswAX_9pigU&amp;_nc_ht=scontent.frsa4-1.fna&amp;oh=af5ab092fc123b2f4bf00d028cfe89b2&amp;oe=5F8B358C\" \/><\/p>\n<div class=\"oasis-despues-del-contenido\" id=\"oasis-169071614\"><img loading=\"lazy\" decoding=\"async\" src=\"https:\/\/oasisfm935.com.ar\/site\/wp-content\/uploads\/2020\/08\/47806202-8741-49f2-a5c9-d2f930e5baa1.jpg\" alt=\"\"  srcset=\"https:\/\/oasisfm935.com.ar\/site\/wp-content\/uploads\/2020\/08\/47806202-8741-49f2-a5c9-d2f930e5baa1.jpg 1080w, https:\/\/oasisfm935.com.ar\/site\/wp-content\/uploads\/2020\/08\/47806202-8741-49f2-a5c9-d2f930e5baa1-300x300.jpg 300w, https:\/\/oasisfm935.com.ar\/site\/wp-content\/uploads\/2020\/08\/47806202-8741-49f2-a5c9-d2f930e5baa1-1024x1024.jpg 1024w, https:\/\/oasisfm935.com.ar\/site\/wp-content\/uploads\/2020\/08\/47806202-8741-49f2-a5c9-d2f930e5baa1-150x150.jpg 150w, https:\/\/oasisfm935.com.ar\/site\/wp-content\/uploads\/2020\/08\/47806202-8741-49f2-a5c9-d2f930e5baa1-768x768.jpg 768w\" sizes=\"(max-width: 1080px) 100vw, 1080px\" class=\"no-lazyload\" width=\"1080\" height=\"1080\"  style=\"display: inline-block;\" \/><\/div>","protected":false},"excerpt":{"rendered":"<p>En un marco de festejos, con presencia de autoridades provinciales y municipales bajo los protocolos sanitarios correspondientes, se desarroll\u00f3 el Acto Protocolar.<\/p>\n","protected":false},"author":4,"featured_media":6946,"comment_status":"closed","ping_status":"open","sticky":false,"template":"","format":"standard","meta":{"colormag_page_layout":"default_layout","footnotes":""},"categories":[2],"tags":[],"class_list":["post-6945","post","type-post","status-publish","format-standard","has-post-thumbnail","hentry","category-noticias"],"_links":{"self":[{"href":"https:\/\/oasisfm935.com.ar\/site\/wp-json\/wp\/v2\/posts\/6945","targetHints":{"allow":["GET"]}}],"collection":[{"href":"https:\/\/oasisfm935.com.ar\/site\/wp-json\/wp\/v2\/posts"}],"about":[{"href":"https:\/\/oasisfm935.com.ar\/site\/wp-json\/wp\/v2\/types\/post"}],"author":[{"embeddable":true,"href":"https:\/\/oasisfm935.com.ar\/site\/wp-json\/wp\/v2\/users\/4"}],"replies":[{"embeddable":true,"href":"https:\/\/oasisfm935.com.ar\/site\/wp-json\/wp\/v2\/comments?post=6945"}],"version-history":[{"count":1,"href":"https:\/\/oasisfm935.com.ar\/site\/wp-json\/wp\/v2\/posts\/6945\/revisions"}],"predecessor-version":[{"id":6947,"href":"https:\/\/oasisfm935.com.ar\/site\/wp-json\/wp\/v2\/posts\/6945\/revisions\/6947"}],"wp:featuredmedia":[{"embeddable":true,"href":"https:\/\/oasisfm935.com.ar\/site\/wp-json\/wp\/v2\/media\/6946"}],"wp:attachment":[{"href":"https:\/\/oasisfm935.com.ar\/site\/wp-json\/wp\/v2\/media?parent=6945"}],"wp:term":[{"taxonomy":"category","embeddable":true,"href":"https:\/\/oasisfm935.com.ar\/site\/wp-json\/wp\/v2\/categories?post=6945"},{"taxonomy":"post_tag","embeddable":true,"href":"https:\/\/oasisfm935.com.ar\/site\/wp-json\/wp\/v2\/tags?post=6945"}],"curies":[{"name":"wp","href":"https:\/\/api.w.org\/{rel}","templated":true}]}}