{"id":6953,"date":"2020-09-21T11:42:48","date_gmt":"2020-09-21T14:42:48","guid":{"rendered":"http:\/\/oasisfm935.com\/site\/?p=6953"},"modified":"2020-09-21T11:43:14","modified_gmt":"2020-09-21T14:43:14","slug":"la-pampa-se-firmo-el-contrato-por-425-millones-para-la-reparacion-de-la-ruta-provincial-n-4","status":"publish","type":"post","link":"https:\/\/oasisfm935.com.ar\/site\/la-pampa-se-firmo-el-contrato-por-425-millones-para-la-reparacion-de-la-ruta-provincial-n-4\/","title":{"rendered":"La Pampa :Se firm\u00f3 el contrato por $425 millones para la reparaci\u00f3n de la Ruta Provincial N\u00b0 4"},"content":{"rendered":"<p class=\"lead nota-detalle-bajada\">Por primera vez se usar\u00e1 en La Pampa tecnolog\u00eda de \u201casfalto modificado\u201d, compuesto m\u00e1s r\u00edgido y con mayores prestaciones que el tradicional. El gobernador Sergio Ziliotto firm\u00f3 el contrato que habilita a la empresa a iniciar los trabajos sobre 22 kil\u00f3metros entre la Ruta Nacional 35 y el acceso a Caleuf\u00fa.<\/p>\n<p><img decoding=\"async\" src=\"https:\/\/apn.lapampa.gob.ar\/images\/multimedia\/1280041_dsc_9389.jpg\" \/><\/p>\n<div class=\"nota-detalle-cuerpo\">El titular de Vialidad Provincial, Rodrigo Cadenas, resalt\u00f3 que la de la Ruta Provincial N\u00aa 4 es\u00a0 la primera obra vial en la Provincia que se realizar\u00e1 con \u201ctecnolog\u00eda de mezcla con asfalto modificado. Es un compuesto que presenta un comportamiento mucho m\u00e1s r\u00edgido y de mayores prestaciones que el asfalto convencional, y que tradicionalmente se ha utilizado en La Pampa\u201d.<\/div>\n<div><\/div>\n<div><img decoding=\"async\" src=\"https:\/\/apn.lapampa.gob.ar\/images\/multimedia\/1327021_dsc_9406.jpg\" \/><\/div>\n<div class=\"nota-detalle-cuerpo\">Los trabajos que se ejecutar\u00e1n comprenden la repavimentaci\u00f3n de la Ruta Provincial N\u00b0 4, entre la Nacional 35 y el acceso a Caleuf\u00fa, donde se extraer\u00e1 el asfalto envejecido y deteriorado, se colocar\u00e1\u00a0 un refuerzo estructural de 20 cent\u00edmetros de tosca sobre el cual se ejecutar\u00e1 una carpeta de rodamiento de tres cent\u00edmetros, con asfalto modificado. La obra incluye los accesos a las localidades de Arata, Caleuf\u00fa y la reconstrucci\u00f3n del empalme de las Rutas Provinciales N\u00b0 9 y 4.<\/div>\n<div class=\"nota-detalle-cuerpo\">La firma del contrato se realiz\u00f3 en Casa de Gobierno, donde el gobernador particip\u00f3 junto al ministro de Obras y Servicios P\u00fablicos, Juan Ram\u00f3n Garay;\u00a0 los intendentes Patricia Lavin, Oscar Baras y Jorge Enzo Sosa, de Ingeniero Luiggi, Caleuf\u00fa y Arata respectivamente; el titular de Vialidad Provincial, Rodrigo Cadenas, y el titular de la firma que ejecutar\u00e1 las obras.<\/div>\n<div class=\"nota-detalle-cuerpo\"><strong>\u201cUna obra largamente esperada\u201d<\/strong><br \/>\n\u201cEstoy muy contento y agradecido con el Gobierno\u201d, expres\u00f3 el intendente de Arata, porque \u201cen una situaci\u00f3n tan dif\u00edcil como la que estamos viviendo se prioriz\u00f3 una obra tan necesaria para la gente de la zona\u201d. Destac\u00f3 adem\u00e1s que la comunidad se ver\u00e1 particularmente favorecida debido a que el obrador de la empresa se instalar\u00e1 en esta localidad, \u201ccon lo que nos generar\u00e1 trabajo durante el tiempo que dure la obra\u201d.<\/div>\n<div><\/div>\n<div><img decoding=\"async\" src=\"https:\/\/apn.lapampa.gob.ar\/images\/multimedia\/1470366_dsc_9417.jpg\" \/><\/div>\n<div class=\"nota-detalle-cuerpo\">\u201cUna obra anhelada, esperada y que pese a las adversidades y el contexto actual\u00a0 hoy estamos firmando el contrato de inicio\u201d, expreso la intendenta de Ingeniero Luiggi, Patricia Lavin, quien tambi\u00e9n se\u00f1al\u00f3 que (la obra) \u201cnos va a permitir mayor accesibilidad a las localidades, porque es uno de los ingresos m\u00e1s importantes que tenemos y quienes lo transitamos a diario sabemos que est\u00e1 sumamente deteriorado\u201d.<\/div>\n<div><\/div>\n<div class=\"nota-detalle-cuerpo\"><img decoding=\"async\" src=\"https:\/\/apn.lapampa.gob.ar\/images\/multimedia\/1457784_dsc_9399.jpg\" \/><br \/>\nPor su parte el jefe comunal de Caleuf\u00fa catalog\u00f3 el proyecto como \u201clargamente esperado en la zona, porque en estos momentos tan dif\u00edciles vamos a poder no solo mejorar infraestructura, sino adem\u00e1s tener la posibilidad de emplear mano de obra local\u201d.<\/div>\n<div><img decoding=\"async\" src=\"https:\/\/apn.lapampa.gob.ar\/images\/multimedia\/1640003_dsc_9411.jpg\" \/><\/div>\n<div class=\"oasis-despues-del-contenido\" id=\"oasis-149602624\"><img loading=\"lazy\" decoding=\"async\" src=\"https:\/\/oasisfm935.com.ar\/site\/wp-content\/uploads\/2020\/08\/47806202-8741-49f2-a5c9-d2f930e5baa1.jpg\" alt=\"\"  srcset=\"https:\/\/oasisfm935.com.ar\/site\/wp-content\/uploads\/2020\/08\/47806202-8741-49f2-a5c9-d2f930e5baa1.jpg 1080w, https:\/\/oasisfm935.com.ar\/site\/wp-content\/uploads\/2020\/08\/47806202-8741-49f2-a5c9-d2f930e5baa1-300x300.jpg 300w, https:\/\/oasisfm935.com.ar\/site\/wp-content\/uploads\/2020\/08\/47806202-8741-49f2-a5c9-d2f930e5baa1-1024x1024.jpg 1024w, https:\/\/oasisfm935.com.ar\/site\/wp-content\/uploads\/2020\/08\/47806202-8741-49f2-a5c9-d2f930e5baa1-150x150.jpg 150w, https:\/\/oasisfm935.com.ar\/site\/wp-content\/uploads\/2020\/08\/47806202-8741-49f2-a5c9-d2f930e5baa1-768x768.jpg 768w\" sizes=\"(max-width: 1080px) 100vw, 1080px\" class=\"no-lazyload\" width=\"1080\" height=\"1080\"  style=\"display: inline-block;\" \/><\/div>","protected":false},"excerpt":{"rendered":"<p>Por primera vez se usar\u00e1 en La Pampa tecnolog\u00eda de \u201casfalto modificado\u201d, compuesto m\u00e1s r\u00edgido y con mayores prestaciones que el tradicional.<\/p>\n","protected":false},"author":4,"featured_media":6954,"comment_status":"closed","ping_status":"open","sticky":false,"template":"","format":"standard","meta":{"colormag_page_layout":"default_layout","footnotes":""},"categories":[2],"tags":[],"class_list":["post-6953","post","type-post","status-publish","format-standard","has-post-thumbnail","hentry","category-noticias"],"_links":{"self":[{"href":"https:\/\/oasisfm935.com.ar\/site\/wp-json\/wp\/v2\/posts\/6953","targetHints":{"allow":["GET"]}}],"collection":[{"href":"https:\/\/oasisfm935.com.ar\/site\/wp-json\/wp\/v2\/posts"}],"about":[{"href":"https:\/\/oasisfm935.com.ar\/site\/wp-json\/wp\/v2\/types\/post"}],"author":[{"embeddable":true,"href":"https:\/\/oasisfm935.com.ar\/site\/wp-json\/wp\/v2\/users\/4"}],"replies":[{"embeddable":true,"href":"https:\/\/oasisfm935.com.ar\/site\/wp-json\/wp\/v2\/comments?post=6953"}],"version-history":[{"count":2,"href":"https:\/\/oasisfm935.com.ar\/site\/wp-json\/wp\/v2\/posts\/6953\/revisions"}],"predecessor-version":[{"id":6956,"href":"https:\/\/oasisfm935.com.ar\/site\/wp-json\/wp\/v2\/posts\/6953\/revisions\/6956"}],"wp:featuredmedia":[{"embeddable":true,"href":"https:\/\/oasisfm935.com.ar\/site\/wp-json\/wp\/v2\/media\/6954"}],"wp:attachment":[{"href":"https:\/\/oasisfm935.com.ar\/site\/wp-json\/wp\/v2\/media?parent=6953"}],"wp:term":[{"taxonomy":"category","embeddable":true,"href":"https:\/\/oasisfm935.com.ar\/site\/wp-json\/wp\/v2\/categories?post=6953"},{"taxonomy":"post_tag","embeddable":true,"href":"https:\/\/oasisfm935.com.ar\/site\/wp-json\/wp\/v2\/tags?post=6953"}],"curies":[{"name":"wp","href":"https:\/\/api.w.org\/{rel}","templated":true}]}}