{"id":6962,"date":"2020-09-21T19:05:48","date_gmt":"2020-09-21T22:05:48","guid":{"rendered":"http:\/\/oasisfm935.com\/site\/?p=6962"},"modified":"2020-09-21T19:06:50","modified_gmt":"2020-09-21T22:06:50","slug":"urgente-conferencia-de-prensa-ziliotto-anunciaria-la-vuelta-del-futbol-5","status":"publish","type":"post","link":"https:\/\/oasisfm935.com.ar\/site\/urgente-conferencia-de-prensa-ziliotto-anunciaria-la-vuelta-del-futbol-5\/","title":{"rendered":"URGENTE CONFERENCIA DE PRENSA: Ziliotto anunciar\u00eda la vuelta del f\u00fatbol 5."},"content":{"rendered":"<p>El gobernador Sergio Ziliotto dar\u00e1 a las 20 horas una conferencia de prensa. Se especula que finalmente lleg\u00f3 el OK de Naci\u00f3n para que se autoricen los deportes de contacto, como el f\u00fatbol 5.<\/p>\n<p>Hace unos diez d\u00edas, el Gobierno pampeano\u00a0anunci\u00f3 que pidi\u00f3 a Naci\u00f3n que permita en La Pampa\u00a0<strong>la pr\u00e1ctica de deportes con oposici\u00f3n, con un m\u00e1ximo de 10 deportistas, a realizarse en espacios abiertos o cerrados que garanticen ventilaci\u00f3n natural.\u00a0<\/strong>La Jefatura de Gabinete de Naci\u00f3n ya habr\u00eda dado luz verde.<\/p>\n<p>Ziliotto tambi\u00e9n se referir\u00e1 al trabajo para contener los brotes de coronavirus, con unos 300 casos activos en La Pampa.<\/p>\n<p>Las mayores preocupaciones est\u00e1n en el brote de Intendente Alvear -con ramificaciones en Bernardo Larroud\u00e9 y otros pueblos vecinos- y el de Toay.<\/p>\n<div class=\"oasis-despues-del-contenido\" id=\"oasis-2265499646\"><img loading=\"lazy\" decoding=\"async\" src=\"https:\/\/oasisfm935.com.ar\/site\/wp-content\/uploads\/2020\/08\/47806202-8741-49f2-a5c9-d2f930e5baa1.jpg\" alt=\"\"  srcset=\"https:\/\/oasisfm935.com.ar\/site\/wp-content\/uploads\/2020\/08\/47806202-8741-49f2-a5c9-d2f930e5baa1.jpg 1080w, https:\/\/oasisfm935.com.ar\/site\/wp-content\/uploads\/2020\/08\/47806202-8741-49f2-a5c9-d2f930e5baa1-300x300.jpg 300w, https:\/\/oasisfm935.com.ar\/site\/wp-content\/uploads\/2020\/08\/47806202-8741-49f2-a5c9-d2f930e5baa1-1024x1024.jpg 1024w, https:\/\/oasisfm935.com.ar\/site\/wp-content\/uploads\/2020\/08\/47806202-8741-49f2-a5c9-d2f930e5baa1-150x150.jpg 150w, https:\/\/oasisfm935.com.ar\/site\/wp-content\/uploads\/2020\/08\/47806202-8741-49f2-a5c9-d2f930e5baa1-768x768.jpg 768w\" sizes=\"(max-width: 1080px) 100vw, 1080px\" class=\"no-lazyload\" width=\"1080\" height=\"1080\"  style=\"display: inline-block;\" \/><\/div>","protected":false},"excerpt":{"rendered":"<p>El gobernador Sergio Ziliotto dar\u00e1 a las 20 horas una conferencia de prensa. Se especula que finalmente lleg\u00f3 el OK de Naci\u00f3n<\/p>\n","protected":false},"author":4,"featured_media":6963,"comment_status":"closed","ping_status":"open","sticky":false,"template":"","format":"standard","meta":{"colormag_page_layout":"default_layout","footnotes":""},"categories":[2],"tags":[],"class_list":["post-6962","post","type-post","status-publish","format-standard","has-post-thumbnail","hentry","category-noticias"],"_links":{"self":[{"href":"https:\/\/oasisfm935.com.ar\/site\/wp-json\/wp\/v2\/posts\/6962","targetHints":{"allow":["GET"]}}],"collection":[{"href":"https:\/\/oasisfm935.com.ar\/site\/wp-json\/wp\/v2\/posts"}],"about":[{"href":"https:\/\/oasisfm935.com.ar\/site\/wp-json\/wp\/v2\/types\/post"}],"author":[{"embeddable":true,"href":"https:\/\/oasisfm935.com.ar\/site\/wp-json\/wp\/v2\/users\/4"}],"replies":[{"embeddable":true,"href":"https:\/\/oasisfm935.com.ar\/site\/wp-json\/wp\/v2\/comments?post=6962"}],"version-history":[{"count":2,"href":"https:\/\/oasisfm935.com.ar\/site\/wp-json\/wp\/v2\/posts\/6962\/revisions"}],"predecessor-version":[{"id":6965,"href":"https:\/\/oasisfm935.com.ar\/site\/wp-json\/wp\/v2\/posts\/6962\/revisions\/6965"}],"wp:featuredmedia":[{"embeddable":true,"href":"https:\/\/oasisfm935.com.ar\/site\/wp-json\/wp\/v2\/media\/6963"}],"wp:attachment":[{"href":"https:\/\/oasisfm935.com.ar\/site\/wp-json\/wp\/v2\/media?parent=6962"}],"wp:term":[{"taxonomy":"category","embeddable":true,"href":"https:\/\/oasisfm935.com.ar\/site\/wp-json\/wp\/v2\/categories?post=6962"},{"taxonomy":"post_tag","embeddable":true,"href":"https:\/\/oasisfm935.com.ar\/site\/wp-json\/wp\/v2\/tags?post=6962"}],"curies":[{"name":"wp","href":"https:\/\/api.w.org\/{rel}","templated":true}]}}