{"id":6969,"date":"2020-09-21T20:44:56","date_gmt":"2020-09-21T23:44:56","guid":{"rendered":"http:\/\/oasisfm935.com\/site\/?p=6969"},"modified":"2020-09-21T20:46:30","modified_gmt":"2020-09-21T23:46:30","slug":"coronavirus-en-la-pampa-23-nuevos-casos-y-27-recuperados","status":"publish","type":"post","link":"https:\/\/oasisfm935.com.ar\/site\/coronavirus-en-la-pampa-23-nuevos-casos-y-27-recuperados\/","title":{"rendered":"Coronavirus en La Pampa: 23 nuevos casos y 27 recuperados"},"content":{"rendered":"<p>El gobernador Sergio Ziliotto dijo que este lunes, hasta las 19 horas, hubo 23 nuevos casos de coronavirus en La Pampa.<\/p>\n<p>\u201cSon m\u00e1s la cantidad de recuperados que nuevos casos. Son 23 los nuevos casos positivos y 27 los recuperados. Entre los positivos, hubo 7 en Santa Rosa; 5 en Toay; 5\u00a0 en 25 de Mayo; 3 en Pico; 1 en Quem\u00fa; 1 en Larroud\u00e9; y 1 en Bernasconi\u201d, sostuvo.<\/p>\n<p>\u201cLa evoluci\u00f3n de esta pandemia es un tema que nos tiene en vilo. Seguramente est\u00e1n muy preocupados y eso hace a nosotros transformarla en ocupaci\u00f3n\u201d, dijo.<\/p>\n<p>\u201cDesde la semana pasada a esta semana la situaci\u00f3n no ha cambiado. Es una situaci\u00f3n dif\u00edcil, muy dif\u00edcil. Pero a la vez no nos desespera. Estamos ocupados en sumar herramientas para la lucha contra el coronavirus\u201d, agreg\u00f3.<\/p>\n<p>El mandatario provincial encabez\u00f3 la conferencia de prensa desde el Sal\u00f3n de Acuerdos de Casa de Gobierno, a las 20 horas. Estuvo acompa\u00f1ado por el ministro de Salud, Rub\u00e9n Kohan.<\/p>\n<p>Tambi\u00e9n dijo que en Casa de Gobierno tienen la \u201ctrazabilidad\u201d de 234 mil personas. \u201cEs el 67 por ciento de la poblaci\u00f3n. Es un n\u00famero importante, pero nos gustar\u00eda tener al 100 por ciento\u201d, agreg\u00f3.<\/p>\n<p>&nbsp;<\/p>\n<div class=\"oasis-despues-del-contenido\" id=\"oasis-233123948\"><img loading=\"lazy\" decoding=\"async\" src=\"https:\/\/oasisfm935.com.ar\/site\/wp-content\/uploads\/2020\/08\/47806202-8741-49f2-a5c9-d2f930e5baa1.jpg\" alt=\"\"  srcset=\"https:\/\/oasisfm935.com.ar\/site\/wp-content\/uploads\/2020\/08\/47806202-8741-49f2-a5c9-d2f930e5baa1.jpg 1080w, https:\/\/oasisfm935.com.ar\/site\/wp-content\/uploads\/2020\/08\/47806202-8741-49f2-a5c9-d2f930e5baa1-300x300.jpg 300w, https:\/\/oasisfm935.com.ar\/site\/wp-content\/uploads\/2020\/08\/47806202-8741-49f2-a5c9-d2f930e5baa1-1024x1024.jpg 1024w, https:\/\/oasisfm935.com.ar\/site\/wp-content\/uploads\/2020\/08\/47806202-8741-49f2-a5c9-d2f930e5baa1-150x150.jpg 150w, https:\/\/oasisfm935.com.ar\/site\/wp-content\/uploads\/2020\/08\/47806202-8741-49f2-a5c9-d2f930e5baa1-768x768.jpg 768w\" sizes=\"(max-width: 1080px) 100vw, 1080px\" class=\"no-lazyload\" width=\"1080\" height=\"1080\"  style=\"display: inline-block;\" \/><\/div>","protected":false},"excerpt":{"rendered":"<p>El gobernador Sergio Ziliotto dijo que este lunes, hasta las 19 horas, hubo 23 nuevos casos de coronavirus en La Pampa. \u201cSon<\/p>\n","protected":false},"author":4,"featured_media":6970,"comment_status":"closed","ping_status":"open","sticky":false,"template":"","format":"standard","meta":{"colormag_page_layout":"default_layout","footnotes":""},"categories":[2],"tags":[],"class_list":["post-6969","post","type-post","status-publish","format-standard","has-post-thumbnail","hentry","category-noticias"],"_links":{"self":[{"href":"https:\/\/oasisfm935.com.ar\/site\/wp-json\/wp\/v2\/posts\/6969","targetHints":{"allow":["GET"]}}],"collection":[{"href":"https:\/\/oasisfm935.com.ar\/site\/wp-json\/wp\/v2\/posts"}],"about":[{"href":"https:\/\/oasisfm935.com.ar\/site\/wp-json\/wp\/v2\/types\/post"}],"author":[{"embeddable":true,"href":"https:\/\/oasisfm935.com.ar\/site\/wp-json\/wp\/v2\/users\/4"}],"replies":[{"embeddable":true,"href":"https:\/\/oasisfm935.com.ar\/site\/wp-json\/wp\/v2\/comments?post=6969"}],"version-history":[{"count":1,"href":"https:\/\/oasisfm935.com.ar\/site\/wp-json\/wp\/v2\/posts\/6969\/revisions"}],"predecessor-version":[{"id":6971,"href":"https:\/\/oasisfm935.com.ar\/site\/wp-json\/wp\/v2\/posts\/6969\/revisions\/6971"}],"wp:featuredmedia":[{"embeddable":true,"href":"https:\/\/oasisfm935.com.ar\/site\/wp-json\/wp\/v2\/media\/6970"}],"wp:attachment":[{"href":"https:\/\/oasisfm935.com.ar\/site\/wp-json\/wp\/v2\/media?parent=6969"}],"wp:term":[{"taxonomy":"category","embeddable":true,"href":"https:\/\/oasisfm935.com.ar\/site\/wp-json\/wp\/v2\/categories?post=6969"},{"taxonomy":"post_tag","embeddable":true,"href":"https:\/\/oasisfm935.com.ar\/site\/wp-json\/wp\/v2\/tags?post=6969"}],"curies":[{"name":"wp","href":"https:\/\/api.w.org\/{rel}","templated":true}]}}