{"id":7013,"date":"2020-09-23T20:42:14","date_gmt":"2020-09-23T23:42:14","guid":{"rendered":"http:\/\/oasisfm935.com\/site\/?p=7013"},"modified":"2020-09-23T20:42:14","modified_gmt":"2020-09-23T23:42:14","slug":"detectan-otros-11-casos-positivos-ocho-de-ellos-en-santa-rosa","status":"publish","type":"post","link":"https:\/\/oasisfm935.com.ar\/site\/detectan-otros-11-casos-positivos-ocho-de-ellos-en-santa-rosa\/","title":{"rendered":"Detectan otros 11 casos positivos, ocho de ellos en Santa Rosa"},"content":{"rendered":"<p>Los nuevos contagios fueron dados a conocer este mi\u00e9rcoles a la tarde, luego del an\u00e1lisis de 145 muestras.\u00a0<strong>Los otros tres infectados son en General Pico, Bernasconi y 25 de Mayo<\/strong>. Se suman a los cinco confirmados a la ma\u00f1ana.\u00a0<strong>La Pampa sum\u00f3 16 casos en toda la jornada<\/strong>.<\/p>\n<p>El Gobierno Provincial, a trav\u00e9s del Ministerio de Salud, dio a conocer que este mi\u00e9rcoles a la tarde concluy\u00f3 el procesamiento de 141 muestras en los laboratorios de Epidemiologia y de los Hospitales Lucio Molas y Gobernador Centeno, de las cuales 11 resultaron positivas para COVID-19.<\/p>\n<p><strong>\u00abDe los diagn\u00f3sticos positivos 8 pertenecen a personas residentes en la ciudad de Santa Rosa, 1 en Bernasconi, 1 en General Pico y 1 en 25 de Mayo\u00bb<\/strong>, se inform\u00f3 en un comunciado de prensa.<\/p>\n<p><strong>\u00abDe los 11 casos confirmados, 8 eran contactos estrechos de casos positivos, los 3 restantes tienen nexo, se encuentran aislados y se est\u00e1 realizando la investigaci\u00f3n epidemiol\u00f3gica\u00bb<\/strong>, aclar\u00f3 el mismo escrito.<\/p>\n<p>En La Pampa, hasta el d\u00eda de la fecha, la cantidad de personas aisladas asciende a 4.013.<\/p>\n<p><strong>\u201cB\u00fasqueda Activa \u201d<\/strong><\/p>\n<p>El Ministerio de Salud continu\u00f3 con el programa denominado \u00abB\u00fasqueda Activa\u00bb del virus.<\/p>\n<p>En Barrio Aeropuerto de Santa Rosa se visitaron 327 domicilios y se monitorearon 583 personas, de las cuales tres presentabas s\u00edntomas compatibles con el virus, motivo por el cual fueron hisopados<\/p>\n<p>En el Barrio Empleados de Comercio de General Pico se recorrieron 12 manzanas. Se visitaron 227 domicilios y se monitorearon 841 personas, de las cuales siete se encontraban sintom\u00e1ticas, motivo por el cual se les realizo la muestra nasofar\u00edngea.<strong>\u00a0\u00abSe aguardan resultados\u00bb<\/strong>, apunt\u00f3 el informe sanitario dado a conocer este mi\u00e9rcoles a la tarde.<\/p>\n<p>En la localidad de Toay se continu\u00f3 trabajando con el mismo programa. Salud P\u00fablica reiter\u00f3 que \u00ablas personas que presenten s\u00edntomas compatibles con el virus deben comunicarse al 492005 del Hospital Segundo Taladriz, para ser evaluados oportunamente\u00bb.<\/p>\n<p><strong>261 casos activos<\/strong><\/p>\n<p>Desde el inicio de la pandemia, en La Pampa se registraron un total de 606 casos positivos de COVID-19:\u00a0<strong>261 permanecen activos, tres fallecieron y 342 se recuperaron<\/strong>.<\/p>\n<p>Entre estos \u00faltimos, se encuentran 16 personas de Intendente Alvear, dos de 25 de Mayo, dos de Realic\u00f3 y una de Rancul.<\/p>\n<p>Los casos confirmados activos est\u00e1n distribuidos de la siguiente manera:\u00a0<strong>103 en Intendente Alvear,\u00a040 en Bernardo Larroud\u00e9,\u00a036 en Santa Rosa, 24 en 25 de Mayo,\u00a020 en Toay,\u00a014 en General Pico,\u00a07 en Bernasconi,\u00a06 en Realic\u00f3,\u00a05 en Quem\u00fa Quem\u00fa,\u00a0<\/strong><strong>2 en Catril\u00f3, 2 en General Acha, 1 en Doblas y 1 en Conhello.\u00a0<\/strong><\/p>\n<p>Tambi\u00e9b se dio a conocer que todav\u00eda se encuentran internadas 23. De ese total, 14 En General Pico -4 en sala de terapia intensiva con \u00abpron\u00f3stico reservado\u00bb y 10 en modulares- y otras nueve en el Centro de Enfermedades de Asistencia Respiratoria (CEAR) de Santa Rosa: ocho de ellas en cl\u00ednica m\u00e9dica y una en terapia intensiva.<\/p>\n<p>&nbsp;<\/p>\n<div class=\"oasis-despues-del-contenido\" id=\"oasis-668604737\"><img loading=\"lazy\" decoding=\"async\" src=\"https:\/\/oasisfm935.com.ar\/site\/wp-content\/uploads\/2020\/08\/47806202-8741-49f2-a5c9-d2f930e5baa1.jpg\" alt=\"\"  srcset=\"https:\/\/oasisfm935.com.ar\/site\/wp-content\/uploads\/2020\/08\/47806202-8741-49f2-a5c9-d2f930e5baa1.jpg 1080w, https:\/\/oasisfm935.com.ar\/site\/wp-content\/uploads\/2020\/08\/47806202-8741-49f2-a5c9-d2f930e5baa1-300x300.jpg 300w, https:\/\/oasisfm935.com.ar\/site\/wp-content\/uploads\/2020\/08\/47806202-8741-49f2-a5c9-d2f930e5baa1-1024x1024.jpg 1024w, https:\/\/oasisfm935.com.ar\/site\/wp-content\/uploads\/2020\/08\/47806202-8741-49f2-a5c9-d2f930e5baa1-150x150.jpg 150w, https:\/\/oasisfm935.com.ar\/site\/wp-content\/uploads\/2020\/08\/47806202-8741-49f2-a5c9-d2f930e5baa1-768x768.jpg 768w\" sizes=\"(max-width: 1080px) 100vw, 1080px\" class=\"no-lazyload\" width=\"1080\" height=\"1080\"  style=\"display: inline-block;\" \/><\/div>","protected":false},"excerpt":{"rendered":"<p>Los nuevos contagios fueron dados a conocer este mi\u00e9rcoles a la tarde, luego del an\u00e1lisis de 145 muestras.\u00a0Los otros tres infectados son<\/p>\n","protected":false},"author":4,"featured_media":7014,"comment_status":"closed","ping_status":"open","sticky":false,"template":"","format":"standard","meta":{"colormag_page_layout":"default_layout","footnotes":""},"categories":[2],"tags":[],"class_list":["post-7013","post","type-post","status-publish","format-standard","has-post-thumbnail","hentry","category-noticias"],"_links":{"self":[{"href":"https:\/\/oasisfm935.com.ar\/site\/wp-json\/wp\/v2\/posts\/7013","targetHints":{"allow":["GET"]}}],"collection":[{"href":"https:\/\/oasisfm935.com.ar\/site\/wp-json\/wp\/v2\/posts"}],"about":[{"href":"https:\/\/oasisfm935.com.ar\/site\/wp-json\/wp\/v2\/types\/post"}],"author":[{"embeddable":true,"href":"https:\/\/oasisfm935.com.ar\/site\/wp-json\/wp\/v2\/users\/4"}],"replies":[{"embeddable":true,"href":"https:\/\/oasisfm935.com.ar\/site\/wp-json\/wp\/v2\/comments?post=7013"}],"version-history":[{"count":1,"href":"https:\/\/oasisfm935.com.ar\/site\/wp-json\/wp\/v2\/posts\/7013\/revisions"}],"predecessor-version":[{"id":7015,"href":"https:\/\/oasisfm935.com.ar\/site\/wp-json\/wp\/v2\/posts\/7013\/revisions\/7015"}],"wp:featuredmedia":[{"embeddable":true,"href":"https:\/\/oasisfm935.com.ar\/site\/wp-json\/wp\/v2\/media\/7014"}],"wp:attachment":[{"href":"https:\/\/oasisfm935.com.ar\/site\/wp-json\/wp\/v2\/media?parent=7013"}],"wp:term":[{"taxonomy":"category","embeddable":true,"href":"https:\/\/oasisfm935.com.ar\/site\/wp-json\/wp\/v2\/categories?post=7013"},{"taxonomy":"post_tag","embeddable":true,"href":"https:\/\/oasisfm935.com.ar\/site\/wp-json\/wp\/v2\/tags?post=7013"}],"curies":[{"name":"wp","href":"https:\/\/api.w.org\/{rel}","templated":true}]}}