{"id":7031,"date":"2020-09-24T19:28:49","date_gmt":"2020-09-24T22:28:49","guid":{"rendered":"http:\/\/oasisfm935.com\/site\/?p=7031"},"modified":"2020-09-24T19:28:49","modified_gmt":"2020-09-24T22:28:49","slug":"coronavirus-la-pampa-fallecio-una-mujer-de-intendente-alvear-que-estaba-internada-en-el-hospital-gobernador-centeno","status":"publish","type":"post","link":"https:\/\/oasisfm935.com.ar\/site\/coronavirus-la-pampa-fallecio-una-mujer-de-intendente-alvear-que-estaba-internada-en-el-hospital-gobernador-centeno\/","title":{"rendered":"Coronavirus La Pampa: Falleci\u00f3 una mujer de Intendente Alvear que estaba internada en el Hospital Gobernador Centeno"},"content":{"rendered":"<p>El Gobierno de la provincia de La Pampa a trav\u00e9s del Ministerio de Salud informa que en el d\u00eda de la fecha se ha producido el fallecimiento de una persona de sexo femenino, de 79 a\u00f1os de edad, luego de cursar 20 d\u00edas de internaci\u00f3n.<\/p>\n<p>La paciente resid\u00eda en la localidad de Intendente Alvear y se encontraba Internada en terapia intensiva del Hospital Gobernador Centeno en General Pico, por presentar patolog\u00eda respiratoria COVID positivo, se trataba de una paciente con enfermedades preexistentes.<\/p>\n<p><strong>Bernardo Larroud\u00e9<\/strong><\/p>\n<p>Hoy temprano, el Gobierno tambi\u00e9n hab\u00eda informado del fallecimiento de una mujer de 88 a\u00f1os de edad, luego de cursar 8 d\u00edas de internaci\u00f3n por COVID-19.<\/p>\n<p>La paciente resid\u00eda en la localidad de Bernardo Larroud\u00e9 y se encontraba Internada en el Hospital Gobernador Centeno por presentar patolog\u00eda respiratoria COVID-19 positivo. Se trataba de una paciente con m\u00faltiples comorbilidades.<\/p>\n<div class=\"oasis-despues-del-contenido\" id=\"oasis-1181849528\"><img loading=\"lazy\" decoding=\"async\" src=\"https:\/\/oasisfm935.com.ar\/site\/wp-content\/uploads\/2020\/08\/47806202-8741-49f2-a5c9-d2f930e5baa1.jpg\" alt=\"\"  srcset=\"https:\/\/oasisfm935.com.ar\/site\/wp-content\/uploads\/2020\/08\/47806202-8741-49f2-a5c9-d2f930e5baa1.jpg 1080w, https:\/\/oasisfm935.com.ar\/site\/wp-content\/uploads\/2020\/08\/47806202-8741-49f2-a5c9-d2f930e5baa1-300x300.jpg 300w, https:\/\/oasisfm935.com.ar\/site\/wp-content\/uploads\/2020\/08\/47806202-8741-49f2-a5c9-d2f930e5baa1-1024x1024.jpg 1024w, https:\/\/oasisfm935.com.ar\/site\/wp-content\/uploads\/2020\/08\/47806202-8741-49f2-a5c9-d2f930e5baa1-150x150.jpg 150w, https:\/\/oasisfm935.com.ar\/site\/wp-content\/uploads\/2020\/08\/47806202-8741-49f2-a5c9-d2f930e5baa1-768x768.jpg 768w\" sizes=\"(max-width: 1080px) 100vw, 1080px\" class=\"no-lazyload\" width=\"1080\" height=\"1080\"  style=\"display: inline-block;\" \/><\/div>","protected":false},"excerpt":{"rendered":"<p>El Gobierno de la provincia de La Pampa a trav\u00e9s del Ministerio de Salud informa que en el d\u00eda de la fecha<\/p>\n","protected":false},"author":4,"featured_media":7032,"comment_status":"closed","ping_status":"open","sticky":false,"template":"","format":"standard","meta":{"colormag_page_layout":"default_layout","footnotes":""},"categories":[2],"tags":[],"class_list":["post-7031","post","type-post","status-publish","format-standard","has-post-thumbnail","hentry","category-noticias"],"_links":{"self":[{"href":"https:\/\/oasisfm935.com.ar\/site\/wp-json\/wp\/v2\/posts\/7031","targetHints":{"allow":["GET"]}}],"collection":[{"href":"https:\/\/oasisfm935.com.ar\/site\/wp-json\/wp\/v2\/posts"}],"about":[{"href":"https:\/\/oasisfm935.com.ar\/site\/wp-json\/wp\/v2\/types\/post"}],"author":[{"embeddable":true,"href":"https:\/\/oasisfm935.com.ar\/site\/wp-json\/wp\/v2\/users\/4"}],"replies":[{"embeddable":true,"href":"https:\/\/oasisfm935.com.ar\/site\/wp-json\/wp\/v2\/comments?post=7031"}],"version-history":[{"count":1,"href":"https:\/\/oasisfm935.com.ar\/site\/wp-json\/wp\/v2\/posts\/7031\/revisions"}],"predecessor-version":[{"id":7033,"href":"https:\/\/oasisfm935.com.ar\/site\/wp-json\/wp\/v2\/posts\/7031\/revisions\/7033"}],"wp:featuredmedia":[{"embeddable":true,"href":"https:\/\/oasisfm935.com.ar\/site\/wp-json\/wp\/v2\/media\/7032"}],"wp:attachment":[{"href":"https:\/\/oasisfm935.com.ar\/site\/wp-json\/wp\/v2\/media?parent=7031"}],"wp:term":[{"taxonomy":"category","embeddable":true,"href":"https:\/\/oasisfm935.com.ar\/site\/wp-json\/wp\/v2\/categories?post=7031"},{"taxonomy":"post_tag","embeddable":true,"href":"https:\/\/oasisfm935.com.ar\/site\/wp-json\/wp\/v2\/tags?post=7031"}],"curies":[{"name":"wp","href":"https:\/\/api.w.org\/{rel}","templated":true}]}}