{"id":7053,"date":"2020-09-26T10:50:16","date_gmt":"2020-09-26T13:50:16","guid":{"rendered":"http:\/\/oasisfm935.com\/site\/?p=7053"},"modified":"2020-09-26T10:55:47","modified_gmt":"2020-09-26T13:55:47","slug":"datos-de-lluvia-en-ingeniero-luiggi-y-la-zona-norte-de-la-pampa-3","status":"publish","type":"post","link":"https:\/\/oasisfm935.com.ar\/site\/datos-de-lluvia-en-ingeniero-luiggi-y-la-zona-norte-de-la-pampa-3\/","title":{"rendered":"DATOS DE LLUVIA EN INGENIERO LUIGGI Y LA ZONA NORTE DE LA PAMPA ."},"content":{"rendered":"<p>Seg\u00fan los datos aportados por la Comisar\u00eda Departamental de Ingeniero Luiggi , el registro de lluvias localidad por localidad fue el siguiente:. Hasta las 9 del d\u00eda de hoy S\u00e1bado 26 de Septiembre.<\/p>\n<p>Ingeniero Luiggi: 08 mm.<br \/>\nParera: 18 mm<br \/>\nEmb. Martini: 09 mm<br \/>\nAlta Italia: 35 mm<br \/>\nRancul: 07 mm<br \/>\nQuetrequ\u00e9n: 08 mm<br \/>\nMaisonnave: 32 mm<br \/>\nCaleuf\u00fa: 04 mm.<br \/>\nRealic\u00f3: 42 mm.<br \/>\nPC Realic\u00f3: 25 mm.<br \/>\nA.V. Praet: 37 mm<br \/>\nPichi Hunca: 15 mm<br \/>\nFalucho: 28 mm.<br \/>\nLa Maruja: s\/reg<br \/>\nIng. Foster: 10 mm<br \/>\nEl Tala 05 mm<\/p>\n<p>En Monte Nievas, 8 mil\u00edmetros; Eduardo Castex, 5; Winifreda, 22; Mayer, 15; Luan Toro, 42; Tel\u00e9n, 36; Carro Quemado, 60; Santa Rosa, 46;\u00a0<strong>Anguil, 65<\/strong>; Catril\u00f3, 27; Lonquimay, 62; La Gloria, 42; Uriburu, 54; Cereales, 37; Rol\u00f3n, 10; Riglos, 40.<\/p>\n<p><a href=\"http:\/\/oasisfm935.com\/site\/wp-content\/uploads\/2020\/09\/20200926_104024-scaled.jpg\"><img loading=\"lazy\" decoding=\"async\" class=\"alignnone size-full wp-image-7057\" src=\"http:\/\/oasisfm935.com\/site\/wp-content\/uploads\/2020\/09\/20200926_104024-scaled.jpg\" alt=\"\" width=\"2560\" height=\"1244\" srcset=\"https:\/\/oasisfm935.com.ar\/site\/wp-content\/uploads\/2020\/09\/20200926_104024-scaled.jpg 2560w, https:\/\/oasisfm935.com.ar\/site\/wp-content\/uploads\/2020\/09\/20200926_104024-300x146.jpg 300w, https:\/\/oasisfm935.com.ar\/site\/wp-content\/uploads\/2020\/09\/20200926_104024-1024x498.jpg 1024w, https:\/\/oasisfm935.com.ar\/site\/wp-content\/uploads\/2020\/09\/20200926_104024-768x373.jpg 768w, https:\/\/oasisfm935.com.ar\/site\/wp-content\/uploads\/2020\/09\/20200926_104024-1536x747.jpg 1536w, https:\/\/oasisfm935.com.ar\/site\/wp-content\/uploads\/2020\/09\/20200926_104024-2048x996.jpg 2048w\" sizes=\"auto, (max-width: 2560px) 100vw, 2560px\" \/><\/a><\/p>\n<p>En Arata, 9; Metileo, 20; Trenel, 8; Speluzzi, 20; Trebolares, 8; Agustoni, 35; General Pico, 17; Mirasol, 13; Bar\u00f3n, 16; Quem\u00fa Quem\u00fa, 17: Miguel Can\u00e9, 31.<\/p>\n<p>En General Acha, 8; Ataliva Roca, 15; Guatrach\u00e9, 2; Alpachiri, 7; General Campos, 1; Abramo, 1; Bernasconi, 2; General San mart\u00edon, 1; Jacinto Arauz, 1.<\/p>\n<div class=\"oasis-despues-del-contenido\" id=\"oasis-2242208086\"><img loading=\"lazy\" decoding=\"async\" src=\"https:\/\/oasisfm935.com.ar\/site\/wp-content\/uploads\/2020\/08\/47806202-8741-49f2-a5c9-d2f930e5baa1.jpg\" alt=\"\"  srcset=\"https:\/\/oasisfm935.com.ar\/site\/wp-content\/uploads\/2020\/08\/47806202-8741-49f2-a5c9-d2f930e5baa1.jpg 1080w, https:\/\/oasisfm935.com.ar\/site\/wp-content\/uploads\/2020\/08\/47806202-8741-49f2-a5c9-d2f930e5baa1-300x300.jpg 300w, https:\/\/oasisfm935.com.ar\/site\/wp-content\/uploads\/2020\/08\/47806202-8741-49f2-a5c9-d2f930e5baa1-1024x1024.jpg 1024w, https:\/\/oasisfm935.com.ar\/site\/wp-content\/uploads\/2020\/08\/47806202-8741-49f2-a5c9-d2f930e5baa1-150x150.jpg 150w, https:\/\/oasisfm935.com.ar\/site\/wp-content\/uploads\/2020\/08\/47806202-8741-49f2-a5c9-d2f930e5baa1-768x768.jpg 768w\" sizes=\"(max-width: 1080px) 100vw, 1080px\" class=\"no-lazyload\" width=\"1080\" height=\"1080\"  style=\"display: inline-block;\" \/><\/div>","protected":false},"excerpt":{"rendered":"<p>Seg\u00fan los datos aportados por la Comisar\u00eda Departamental de Ingeniero Luiggi , el registro de lluvias localidad por localidad fue el siguiente:.<\/p>\n","protected":false},"author":4,"featured_media":7054,"comment_status":"closed","ping_status":"open","sticky":false,"template":"","format":"standard","meta":{"colormag_page_layout":"default_layout","footnotes":""},"categories":[2],"tags":[],"class_list":["post-7053","post","type-post","status-publish","format-standard","has-post-thumbnail","hentry","category-noticias"],"_links":{"self":[{"href":"https:\/\/oasisfm935.com.ar\/site\/wp-json\/wp\/v2\/posts\/7053","targetHints":{"allow":["GET"]}}],"collection":[{"href":"https:\/\/oasisfm935.com.ar\/site\/wp-json\/wp\/v2\/posts"}],"about":[{"href":"https:\/\/oasisfm935.com.ar\/site\/wp-json\/wp\/v2\/types\/post"}],"author":[{"embeddable":true,"href":"https:\/\/oasisfm935.com.ar\/site\/wp-json\/wp\/v2\/users\/4"}],"replies":[{"embeddable":true,"href":"https:\/\/oasisfm935.com.ar\/site\/wp-json\/wp\/v2\/comments?post=7053"}],"version-history":[{"count":4,"href":"https:\/\/oasisfm935.com.ar\/site\/wp-json\/wp\/v2\/posts\/7053\/revisions"}],"predecessor-version":[{"id":7059,"href":"https:\/\/oasisfm935.com.ar\/site\/wp-json\/wp\/v2\/posts\/7053\/revisions\/7059"}],"wp:featuredmedia":[{"embeddable":true,"href":"https:\/\/oasisfm935.com.ar\/site\/wp-json\/wp\/v2\/media\/7054"}],"wp:attachment":[{"href":"https:\/\/oasisfm935.com.ar\/site\/wp-json\/wp\/v2\/media?parent=7053"}],"wp:term":[{"taxonomy":"category","embeddable":true,"href":"https:\/\/oasisfm935.com.ar\/site\/wp-json\/wp\/v2\/categories?post=7053"},{"taxonomy":"post_tag","embeddable":true,"href":"https:\/\/oasisfm935.com.ar\/site\/wp-json\/wp\/v2\/tags?post=7053"}],"curies":[{"name":"wp","href":"https:\/\/api.w.org\/{rel}","templated":true}]}}