{"id":7063,"date":"2020-09-26T13:54:54","date_gmt":"2020-09-26T16:54:54","guid":{"rendered":"http:\/\/oasisfm935.com\/site\/?p=7063"},"modified":"2020-09-26T13:55:10","modified_gmt":"2020-09-26T16:55:10","slug":"la-pampa-covid-19-de-40-muestras-analizadas-4-diagnosticos-positivos-aislados","status":"publish","type":"post","link":"https:\/\/oasisfm935.com.ar\/site\/la-pampa-covid-19-de-40-muestras-analizadas-4-diagnosticos-positivos-aislados\/","title":{"rendered":"La Pampa COVID-19: de 40 muestras analizadas, 4 diagn\u00f3sticos positivos aislados."},"content":{"rendered":"<header>\n<h1 class=\"nota-detalle-titulo\"><span style=\"font-size: 16px\">El Gobierno de la provincia de La Pampa, a trav\u00e9s del Ministerio de Salud, comunic\u00f3 que en horas de la ma\u00f1ana del d\u00eda 26 de septiembre concluy\u00f3 el procesamiento de 40 muestras en el laboratorio de la Direcci\u00f3n de Epidemiolog\u00eda, de las cuales 4 resultaron positivas para COVID-19.<\/span><\/h1>\n<\/header>\n<div class=\"nota-detalle-cuerpo\">\n<p>De las muestras diagnosticadas como positivas 3 corresponden a residentes en la ciudad de Santa Rosa y 1 en General San Mart\u00edn. Todas las personas se encuentran aisladas mientras se contin\u00faa trabajando en la investigaci\u00f3n epidemiol\u00f3gica.<\/p>\n<p><strong>Situaci\u00f3n provincial:<\/strong><br \/>\nEn la provincia de La Pampa, desde el inicio de la pandemia, se registraron un total de 649 casos positivos para COVID-19, de los cuales 254 permanecen activos, 6 han fallecido y 389 se han recuperado.\u00a0 Los casos confirmados activos est\u00e1n distribuidos de la siguiente manera: 82 en Intendente Alvear, 48 en la ciudad de Santa Rosa, 28 en 25 de Mayo, 24 en Bernardo Larroud\u00e9, 20 en General Pico, 2 en Catril\u00f3, 30 en Toay, 2 en General Acha, 2 en Realic\u00f3, 1 en Doblas, 1 en Conhello, 7 en Bernasconi, 6 en Quem\u00fa Quem\u00fa y 1 en General San Mart\u00edn.<br \/>\nAl d\u00eda de la fecha se encuentran aisladas un total de 4.296 personas en toda la Provincia.<br \/>\nSe encuentran internadas 20 personas confirmadas para COVID-19. En General Pico 11 (4 en sala de terapia intensiva con pron\u00f3stico reservado y 7 en modulares). En el Centro Emergente de Asistencia Respiratoria (CEAR) de Santa Rosa, se encuentran internadas 9 personas, de ellas 7 en cl\u00ednica m\u00e9dica y 2 en terapia intensiva.<\/p>\n<\/div>\n<div class=\"oasis-despues-del-contenido\" id=\"oasis-516096270\"><img loading=\"lazy\" decoding=\"async\" src=\"https:\/\/oasisfm935.com.ar\/site\/wp-content\/uploads\/2020\/08\/47806202-8741-49f2-a5c9-d2f930e5baa1.jpg\" alt=\"\"  srcset=\"https:\/\/oasisfm935.com.ar\/site\/wp-content\/uploads\/2020\/08\/47806202-8741-49f2-a5c9-d2f930e5baa1.jpg 1080w, https:\/\/oasisfm935.com.ar\/site\/wp-content\/uploads\/2020\/08\/47806202-8741-49f2-a5c9-d2f930e5baa1-300x300.jpg 300w, https:\/\/oasisfm935.com.ar\/site\/wp-content\/uploads\/2020\/08\/47806202-8741-49f2-a5c9-d2f930e5baa1-1024x1024.jpg 1024w, https:\/\/oasisfm935.com.ar\/site\/wp-content\/uploads\/2020\/08\/47806202-8741-49f2-a5c9-d2f930e5baa1-150x150.jpg 150w, https:\/\/oasisfm935.com.ar\/site\/wp-content\/uploads\/2020\/08\/47806202-8741-49f2-a5c9-d2f930e5baa1-768x768.jpg 768w\" sizes=\"(max-width: 1080px) 100vw, 1080px\" class=\"no-lazyload\" width=\"1080\" height=\"1080\"  style=\"display: inline-block;\" \/><\/div>","protected":false},"excerpt":{"rendered":"<p>El Gobierno de la provincia de La Pampa, a trav\u00e9s del Ministerio de Salud, comunic\u00f3 que en horas de la ma\u00f1ana del<\/p>\n","protected":false},"author":4,"featured_media":7064,"comment_status":"closed","ping_status":"open","sticky":false,"template":"","format":"standard","meta":{"colormag_page_layout":"default_layout","footnotes":""},"categories":[2],"tags":[],"class_list":["post-7063","post","type-post","status-publish","format-standard","has-post-thumbnail","hentry","category-noticias"],"_links":{"self":[{"href":"https:\/\/oasisfm935.com.ar\/site\/wp-json\/wp\/v2\/posts\/7063","targetHints":{"allow":["GET"]}}],"collection":[{"href":"https:\/\/oasisfm935.com.ar\/site\/wp-json\/wp\/v2\/posts"}],"about":[{"href":"https:\/\/oasisfm935.com.ar\/site\/wp-json\/wp\/v2\/types\/post"}],"author":[{"embeddable":true,"href":"https:\/\/oasisfm935.com.ar\/site\/wp-json\/wp\/v2\/users\/4"}],"replies":[{"embeddable":true,"href":"https:\/\/oasisfm935.com.ar\/site\/wp-json\/wp\/v2\/comments?post=7063"}],"version-history":[{"count":2,"href":"https:\/\/oasisfm935.com.ar\/site\/wp-json\/wp\/v2\/posts\/7063\/revisions"}],"predecessor-version":[{"id":7066,"href":"https:\/\/oasisfm935.com.ar\/site\/wp-json\/wp\/v2\/posts\/7063\/revisions\/7066"}],"wp:featuredmedia":[{"embeddable":true,"href":"https:\/\/oasisfm935.com.ar\/site\/wp-json\/wp\/v2\/media\/7064"}],"wp:attachment":[{"href":"https:\/\/oasisfm935.com.ar\/site\/wp-json\/wp\/v2\/media?parent=7063"}],"wp:term":[{"taxonomy":"category","embeddable":true,"href":"https:\/\/oasisfm935.com.ar\/site\/wp-json\/wp\/v2\/categories?post=7063"},{"taxonomy":"post_tag","embeddable":true,"href":"https:\/\/oasisfm935.com.ar\/site\/wp-json\/wp\/v2\/tags?post=7063"}],"curies":[{"name":"wp","href":"https:\/\/api.w.org\/{rel}","templated":true}]}}