{"id":7070,"date":"2020-09-28T20:51:46","date_gmt":"2020-09-28T23:51:46","guid":{"rendered":"http:\/\/oasisfm935.com\/site\/?p=7070"},"modified":"2020-09-28T20:56:42","modified_gmt":"2020-09-28T23:56:42","slug":"la-pampa-sumo-este-lunes-23-casos-positivos-de-coronavirus","status":"publish","type":"post","link":"https:\/\/oasisfm935.com.ar\/site\/la-pampa-sumo-este-lunes-23-casos-positivos-de-coronavirus\/","title":{"rendered":"La Pampa sum\u00f3 este lunes 23 casos positivos de coronavirus"},"content":{"rendered":"<p>Los datos de los nuevos contagios surgieron del an\u00e1lisis de 141 muestras.\u00a0<strong>Nueve son en 25 de Mayo, siete en Quem\u00fa Quem\u00fa, dos en Santa Rosa, dos en Realic\u00f3, uno en Toay, uno en Larroud\u00e9 y uno en General Pico.<\/strong><\/p>\n<p>La Pampa sum\u00f3 este lunes 23 nuevos casos positivos de coronavirus.\u00a0<strong>Ahora hay 206 casos activos y ya se recuperaron 477 pacientes<\/strong>, entre estos \u00faltimos se encuentran ocho personas de la localidad de Intendente Alvear, ocho de Bernardo Larroud\u00e9, una de General Pico y una de Santa Rosa.<\/p>\n<p>Los nuevos contagios, que surgieron del an\u00e1lisis de 141 muestras, est\u00e1n divididos de la siguiente manera: nueve corresponden a residentes en\u00a0 5 de Mayo, siete en Quem\u00fa Quem\u00fa, dos en Santa Rosa, dos en Realic\u00f3, uno en Bernardo Larroud\u00e9, uno en General Pico y uno en Toay.<\/p>\n<p><strong>\u00abTodas las personas se encuentran cumpliendo estricto aislamiento\u00bb<\/strong>, se indic\u00f3 en un comunicado de prensa oficial.<\/p>\n<p>El mismo informe sanitario dado a conocer este lunes hizo una aclaraci\u00f3n sobre la carga de casos confirmados en el Reporte Nacional. \u00abEs importante aclarar que existe una diferencia de casos confirmados entre el Reporte Provincial y el Nacional ya que se asisten y notifican pacientes que viven en otras provincias que tienen domicilio legal (el que figura en el DNI) en la Provincia de La Pampa\u00bb, se indic\u00f3.<\/p>\n<p><strong>206 casos activos<\/strong><\/p>\n<p>Desde el inicio de la pandemia, en la provincia se registraron un total de 689 casos positivos de COVID-19: 206 permanecen activos, seis fallecieron y 477 se recuperaron, entre estos \u00faltimos se encuentran ocho personas de la localidad de Intendente Alvear, ocho de Bernardo Larroud\u00e9, una de General Pico y una de Santa Rosa.<\/p>\n<p>Los casos confirmados activos est\u00e1n distribuidos de la siguiente manera:\u00a0<strong>48 en Intendente Alvear, 37 en Santa Rosa,\u00a033 en Toay,\u00a025 en 25 de Mayo, 13 en Bernardo Larroud\u00e9, 14 en General Pico,\u00a013 en Quem\u00fa Quem\u00fa,\u00a09 en Bernasconi,\u00a0<\/strong><strong>5 en Realic\u00f3, 5 en General San Mart\u00edn,\u00a0<\/strong><strong>2 en Catril\u00f3 y 2 en General Acha<\/strong>.<\/p>\n<p>Al d\u00eda de la fecha se encuentran aisladas un total de 4.412 personas en toda la provincia.<\/p>\n<p>Adem\u00e1s, se encuentran internados 23 pacientes. De ese total, 14 en General Pico -cinco en terapia intensiva con pron\u00f3stico reservado y nueve en modulares- y nueve en el Centro Emergente de Asistencia Respiratoria de Santa Rosa. Seis de ellas en cl\u00ednica m\u00e9dica y tres en terapia intensiva.<\/p>\n<div class=\"oasis-despues-del-contenido\" id=\"oasis-3407257833\"><img loading=\"lazy\" decoding=\"async\" src=\"https:\/\/oasisfm935.com.ar\/site\/wp-content\/uploads\/2020\/08\/47806202-8741-49f2-a5c9-d2f930e5baa1.jpg\" alt=\"\"  srcset=\"https:\/\/oasisfm935.com.ar\/site\/wp-content\/uploads\/2020\/08\/47806202-8741-49f2-a5c9-d2f930e5baa1.jpg 1080w, https:\/\/oasisfm935.com.ar\/site\/wp-content\/uploads\/2020\/08\/47806202-8741-49f2-a5c9-d2f930e5baa1-300x300.jpg 300w, https:\/\/oasisfm935.com.ar\/site\/wp-content\/uploads\/2020\/08\/47806202-8741-49f2-a5c9-d2f930e5baa1-1024x1024.jpg 1024w, https:\/\/oasisfm935.com.ar\/site\/wp-content\/uploads\/2020\/08\/47806202-8741-49f2-a5c9-d2f930e5baa1-150x150.jpg 150w, https:\/\/oasisfm935.com.ar\/site\/wp-content\/uploads\/2020\/08\/47806202-8741-49f2-a5c9-d2f930e5baa1-768x768.jpg 768w\" sizes=\"(max-width: 1080px) 100vw, 1080px\" class=\"no-lazyload\" width=\"1080\" height=\"1080\"  style=\"display: inline-block;\" \/><\/div>","protected":false},"excerpt":{"rendered":"<p>Los datos de los nuevos contagios surgieron del an\u00e1lisis de 141 muestras.\u00a0Nueve son en 25 de Mayo, siete en Quem\u00fa Quem\u00fa, dos<\/p>\n","protected":false},"author":4,"featured_media":7071,"comment_status":"closed","ping_status":"open","sticky":false,"template":"","format":"standard","meta":{"colormag_page_layout":"default_layout","footnotes":""},"categories":[2],"tags":[],"class_list":["post-7070","post","type-post","status-publish","format-standard","has-post-thumbnail","hentry","category-noticias"],"_links":{"self":[{"href":"https:\/\/oasisfm935.com.ar\/site\/wp-json\/wp\/v2\/posts\/7070","targetHints":{"allow":["GET"]}}],"collection":[{"href":"https:\/\/oasisfm935.com.ar\/site\/wp-json\/wp\/v2\/posts"}],"about":[{"href":"https:\/\/oasisfm935.com.ar\/site\/wp-json\/wp\/v2\/types\/post"}],"author":[{"embeddable":true,"href":"https:\/\/oasisfm935.com.ar\/site\/wp-json\/wp\/v2\/users\/4"}],"replies":[{"embeddable":true,"href":"https:\/\/oasisfm935.com.ar\/site\/wp-json\/wp\/v2\/comments?post=7070"}],"version-history":[{"count":3,"href":"https:\/\/oasisfm935.com.ar\/site\/wp-json\/wp\/v2\/posts\/7070\/revisions"}],"predecessor-version":[{"id":7074,"href":"https:\/\/oasisfm935.com.ar\/site\/wp-json\/wp\/v2\/posts\/7070\/revisions\/7074"}],"wp:featuredmedia":[{"embeddable":true,"href":"https:\/\/oasisfm935.com.ar\/site\/wp-json\/wp\/v2\/media\/7071"}],"wp:attachment":[{"href":"https:\/\/oasisfm935.com.ar\/site\/wp-json\/wp\/v2\/media?parent=7070"}],"wp:term":[{"taxonomy":"category","embeddable":true,"href":"https:\/\/oasisfm935.com.ar\/site\/wp-json\/wp\/v2\/categories?post=7070"},{"taxonomy":"post_tag","embeddable":true,"href":"https:\/\/oasisfm935.com.ar\/site\/wp-json\/wp\/v2\/tags?post=7070"}],"curies":[{"name":"wp","href":"https:\/\/api.w.org\/{rel}","templated":true}]}}