{"id":7082,"date":"2020-09-29T08:33:30","date_gmt":"2020-09-29T11:33:30","guid":{"rendered":"http:\/\/oasisfm935.com\/site\/?p=7082"},"modified":"2020-09-29T08:33:30","modified_gmt":"2020-09-29T11:33:30","slug":"el-gobierno-analizaria-bajar-las-retenciones-al-campo-para-aumentar-la-oferta-de-dolares","status":"publish","type":"post","link":"https:\/\/oasisfm935.com.ar\/site\/el-gobierno-analizaria-bajar-las-retenciones-al-campo-para-aumentar-la-oferta-de-dolares\/","title":{"rendered":"El Gobierno analizar\u00eda bajar las retenciones al campo para aumentar la oferta de d\u00f3lares"},"content":{"rendered":"<p>er\u00eda\u00a0 una de las medidas que se estudian para aplicar de forma transitoria con el objetivo de impulsar a los productores a vender en octubre. Hoy la soja paga 33% y el ma\u00edz, 12%.\u00a0<strong>Tambi\u00e9n eval\u00faan cambios en la tasa de inter\u00e9s<\/strong>.<\/p>\n<p>Tal como trascendi\u00f3 tras el encuentro del fin de semana de gran parte del gabinete econ\u00f3mico en la quinta de Olivos, el Gobierno trabaja en un paquete de medidas tendientes a aflojar las tensiones cambiarias que permanecieron a\u00fan con las mayores restricciones a la compra de divisas.<\/p>\n<p><strong>\u00bfEn qu\u00e9 se est\u00e1 pensando en los despachos oficiales para aflojar la demanda de d\u00f3lares y aumentar la oferta en los pr\u00f3ximos tres meses?<\/strong>\u00a0Una de las medidas en estudio tiene que ver con los derechos de exportaci\u00f3n al campo, que podr\u00edan bajar de forma temporaria para impulsar a los productores a vender y generar mayor oferta de divisas entre octubre y diciembre, seg\u00fan public\u00f3 el sitio digital Infobae.com.<\/p>\n<p>Hoy, las retenciones a la oleaginosa se ubican en 33% y las de ma\u00edz, en 12%. Lo que analizan en el gabinete econ\u00f3mico es que si se redujeran por un tiempo algunos puntos estos derechos, los productores vender\u00edan porque necesitan fondearse para la pr\u00f3xima campa\u00f1a, precis\u00f3 una fuente del sector. En el caso del ma\u00edz, los productores vendieron el 71% de la cosecha, mientras que en el caso de la soja, se comercializ\u00f3 el 62% hasta el momento.<\/p>\n<p>La tasa de inter\u00e9s, sostiene el ministro de Econom\u00eda, Mart\u00edn Guzm\u00e1n, debe ser lo suficientemente atractiva para el ahorro, pero sin descuidar la producci\u00f3n.<\/p>\n<p>En la industria afirmaron que el gobierno espera duplicar las ventas de septiembre: llevarlas de 2 a 4 millones de toneladas, entre soja y ma\u00edz. Sostienen que si el gobierno le mejora el precio al productor por algunos meses, lograr\u00eda que muchos vendan y aumentar\u00eda as\u00ed la oferta de d\u00f3lares. Por un lado, porque pensar\u00edan que luego volver\u00e1n a tener un precio m\u00e1s bajo. Y por otro, porque las autoridades vienen defendiendo el tipo de cambio oficial a rajatabla, a pesar de las expectativas de devaluaci\u00f3n que existen en el mercado.<\/p>\n<p>Otra de las medidas llegar\u00eda desde el Banco Central por el lado de la pol\u00edtica monetaria. Fuentes oficiales remarcaron el fin de semana que luego de la reuni\u00f3n de directorio del Banco Central, que suele realizarse los jueves, podr\u00edan comunicarse las novedades. Seg\u00fan trascendi\u00f3, uno de los anuncios de la entidad monetaria podr\u00eda ser una suba de la tasa de inter\u00e9s, que hoy se ubica en 38%.<\/p>\n<p>Si bien desde el comienzo de la gesti\u00f3n, el titular del Banco Central (BCRA), Miguel Pesce, insisti\u00f3 en la reducci\u00f3n de la tasa de inter\u00e9s para dinamizar la actividad, hoy el problema es que los pesos sobrantes se van al d\u00f3lar y ello presiona no s\u00f3lo el tipo de cambio oficial, sino tambi\u00e9n el resto de las cotizaciones. La tasa de inter\u00e9s, sostiene el ministro de Econom\u00eda, Mart\u00edn Guzm\u00e1n, debe ser lo suficientemente atractiva para el ahorro, pero sin descuidar la producci\u00f3n.<\/p>\n<p>Tras el encuentro en la quinta de Olivos, trascendi\u00f3 tambi\u00e9n que los ministros trabajaron sobre medidas que apuntan a sectores como energ\u00eda y miner\u00eda. \u201cLo que se busca es brindar reglas de juego que impidan que esos sectores queden da\u00f1ados por el esquema de regulaciones cambiarias\u201d, dijeron en el Gobierno.<\/p>\n<p>Por otro lado, se anunciar\u00eda tambi\u00e9n esta semana el Fondo de Compensaci\u00f3n para el sector agr\u00edcola, que estaba establecido en la Ley de Solidaridad Social y Reactivaci\u00f3n Productiva sancionada en diciembre y que nunca fue puesto en pr\u00e1ctica. Concretamente, se hab\u00eda estipulado que parte del aumento de las retenciones a la soja ser\u00eda devuelto a los peque\u00f1os productores a modo de subsidio. En ese momento, los n\u00fameros que se manejaban ascend\u00edan a USD 350 millones, pero fuentes oficiales afirmaron que finalmente terminar\u00e1n recibiendo USD 44 millones.<\/p>\n<p>En la reuni\u00f3n del s\u00e1bado por la tarde, estuvieron presentes el presidente Alberto Fern\u00e1ndez, el jefe de Gabinete, Santiago Cafiero; la vicejefa Cecilia Todesca; Guzm\u00e1n; el canciller Felipe Sol\u00e1; el ministro de Desarrollo Productivo, Mat\u00edas Kulfas; Pesce y el secretario de Asuntos Estrat\u00e9gicos, Gustavo B\u00e9liz. La cumbre dur\u00f3 m\u00e1s de tres horas y se hizo en el quincho de la quinta presidencial.<\/p>\n<div class=\"oasis-despues-del-contenido\" id=\"oasis-3635539323\"><img loading=\"lazy\" decoding=\"async\" src=\"https:\/\/oasisfm935.com.ar\/site\/wp-content\/uploads\/2020\/08\/47806202-8741-49f2-a5c9-d2f930e5baa1.jpg\" alt=\"\"  srcset=\"https:\/\/oasisfm935.com.ar\/site\/wp-content\/uploads\/2020\/08\/47806202-8741-49f2-a5c9-d2f930e5baa1.jpg 1080w, https:\/\/oasisfm935.com.ar\/site\/wp-content\/uploads\/2020\/08\/47806202-8741-49f2-a5c9-d2f930e5baa1-300x300.jpg 300w, https:\/\/oasisfm935.com.ar\/site\/wp-content\/uploads\/2020\/08\/47806202-8741-49f2-a5c9-d2f930e5baa1-1024x1024.jpg 1024w, https:\/\/oasisfm935.com.ar\/site\/wp-content\/uploads\/2020\/08\/47806202-8741-49f2-a5c9-d2f930e5baa1-150x150.jpg 150w, https:\/\/oasisfm935.com.ar\/site\/wp-content\/uploads\/2020\/08\/47806202-8741-49f2-a5c9-d2f930e5baa1-768x768.jpg 768w\" sizes=\"(max-width: 1080px) 100vw, 1080px\" class=\"no-lazyload\" width=\"1080\" height=\"1080\"  style=\"display: inline-block;\" \/><\/div>","protected":false},"excerpt":{"rendered":"<p>er\u00eda\u00a0 una de las medidas que se estudian para aplicar de forma transitoria con el objetivo de impulsar a los productores a<\/p>\n","protected":false},"author":4,"featured_media":7083,"comment_status":"closed","ping_status":"open","sticky":false,"template":"","format":"standard","meta":{"colormag_page_layout":"default_layout","footnotes":""},"categories":[2],"tags":[],"class_list":["post-7082","post","type-post","status-publish","format-standard","has-post-thumbnail","hentry","category-noticias"],"_links":{"self":[{"href":"https:\/\/oasisfm935.com.ar\/site\/wp-json\/wp\/v2\/posts\/7082","targetHints":{"allow":["GET"]}}],"collection":[{"href":"https:\/\/oasisfm935.com.ar\/site\/wp-json\/wp\/v2\/posts"}],"about":[{"href":"https:\/\/oasisfm935.com.ar\/site\/wp-json\/wp\/v2\/types\/post"}],"author":[{"embeddable":true,"href":"https:\/\/oasisfm935.com.ar\/site\/wp-json\/wp\/v2\/users\/4"}],"replies":[{"embeddable":true,"href":"https:\/\/oasisfm935.com.ar\/site\/wp-json\/wp\/v2\/comments?post=7082"}],"version-history":[{"count":1,"href":"https:\/\/oasisfm935.com.ar\/site\/wp-json\/wp\/v2\/posts\/7082\/revisions"}],"predecessor-version":[{"id":7084,"href":"https:\/\/oasisfm935.com.ar\/site\/wp-json\/wp\/v2\/posts\/7082\/revisions\/7084"}],"wp:featuredmedia":[{"embeddable":true,"href":"https:\/\/oasisfm935.com.ar\/site\/wp-json\/wp\/v2\/media\/7083"}],"wp:attachment":[{"href":"https:\/\/oasisfm935.com.ar\/site\/wp-json\/wp\/v2\/media?parent=7082"}],"wp:term":[{"taxonomy":"category","embeddable":true,"href":"https:\/\/oasisfm935.com.ar\/site\/wp-json\/wp\/v2\/categories?post=7082"},{"taxonomy":"post_tag","embeddable":true,"href":"https:\/\/oasisfm935.com.ar\/site\/wp-json\/wp\/v2\/tags?post=7082"}],"curies":[{"name":"wp","href":"https:\/\/api.w.org\/{rel}","templated":true}]}}