{"id":7089,"date":"2020-09-29T14:20:31","date_gmt":"2020-09-29T17:20:31","guid":{"rendered":"http:\/\/oasisfm935.com\/site\/?p=7089"},"modified":"2020-09-29T14:20:31","modified_gmt":"2020-09-29T17:20:31","slug":"la-pampa-de-las-84-muestras-analizadas-por-coronavirus-en-las-ultimas-horas-todas-dieron-negativo","status":"publish","type":"post","link":"https:\/\/oasisfm935.com.ar\/site\/la-pampa-de-las-84-muestras-analizadas-por-coronavirus-en-las-ultimas-horas-todas-dieron-negativo\/","title":{"rendered":"La Pampa: de las 84 muestras analizadas por coronavirus en las \u00faltimas horas, todas dieron negativo."},"content":{"rendered":"<p>El Gobierno de la Provincia de La Pampa, a trav\u00e9s del Ministerio de Salud, comunic\u00f3 que en horas de la ma\u00f1ana del d\u00eda 29 de septiembre se finaliz\u00f3 con el procesamiento de 84 muestras en el laboratorio de la Direcci\u00f3n de Epidemiolog\u00eda, las cuales resultaron negativas para COVID-19. Se contin\u00faa trabajando en el seguimiento de contactos y contactos estrechos aislados en toda la Provincia.<\/p>\n<p>Aclaraci\u00f3n sobre la carga de casos confirmados en el Reporte Nacional :<br \/>\nEs importante aclarar que existe una diferencia de casos confirmados entre el Reporte Provincial y el Nacional, ya que se asisten y notifican pacientes que viven en otras provincias que tienen domicilio legal (el que figura en el DNI) en la Provincia de La Pampa<\/p>\n<p>Situaci\u00f3n provincial<\/p>\n<p>Desde el inicio de la pandemia, en la Provincia, se registraron un total de 689 casos positivos para COVID-19, de los cuales 204 permanecen activos, 6 han fallecido y 479 se han recuperado, entre estos \u00faltimos se encuentran 1 persona de la localidad de Toay y 1 de 25 de Mayo . Los casos confirmados activos est\u00e1n distribuidos de la siguiente manera: 48 en Intendente Alvear, 37 en la ciudad de Santa Rosa, 24 en 25 de Mayo, 13 en Bernardo Larroud\u00e9, 14 en General Pico, 2 en Catril\u00f3 , 32 en Toay, 2 en General Acha, 5 en Realic\u00f3, 9 en Bernasconi, 13 en Quem\u00fa Quem\u00fa y 5 en General San Mart\u00edn.<\/p>\n<p>Al d\u00eda de la fecha se encuentran aisladas un total de 4.377 personas en toda la Provincia.<br \/>\nSe encuentran internadas 22 personas confirmadas para COVID-19. En General Pico 12 pacientes ( 5 en sala de terapia intensiva con pron\u00f3stico reservado y 7 en modulares). En el Centro Emergente de Asistencia Respiratoria (CEAR) de Santa Rosa, se encuentran internados 10 pacientes, 7 de ellos en sala de cl\u00ednica m\u00e9dica y 3 en sala de terapia intensiva.<\/p>\n<div class=\"oasis-despues-del-contenido\" id=\"oasis-240005461\"><img loading=\"lazy\" decoding=\"async\" src=\"https:\/\/oasisfm935.com.ar\/site\/wp-content\/uploads\/2020\/08\/47806202-8741-49f2-a5c9-d2f930e5baa1.jpg\" alt=\"\"  srcset=\"https:\/\/oasisfm935.com.ar\/site\/wp-content\/uploads\/2020\/08\/47806202-8741-49f2-a5c9-d2f930e5baa1.jpg 1080w, https:\/\/oasisfm935.com.ar\/site\/wp-content\/uploads\/2020\/08\/47806202-8741-49f2-a5c9-d2f930e5baa1-300x300.jpg 300w, https:\/\/oasisfm935.com.ar\/site\/wp-content\/uploads\/2020\/08\/47806202-8741-49f2-a5c9-d2f930e5baa1-1024x1024.jpg 1024w, https:\/\/oasisfm935.com.ar\/site\/wp-content\/uploads\/2020\/08\/47806202-8741-49f2-a5c9-d2f930e5baa1-150x150.jpg 150w, https:\/\/oasisfm935.com.ar\/site\/wp-content\/uploads\/2020\/08\/47806202-8741-49f2-a5c9-d2f930e5baa1-768x768.jpg 768w\" sizes=\"(max-width: 1080px) 100vw, 1080px\" class=\"no-lazyload\" width=\"1080\" height=\"1080\"  style=\"display: inline-block;\" \/><\/div>","protected":false},"excerpt":{"rendered":"<p>El Gobierno de la Provincia de La Pampa, a trav\u00e9s del Ministerio de Salud, comunic\u00f3 que en horas de la ma\u00f1ana del<\/p>\n","protected":false},"author":4,"featured_media":7090,"comment_status":"closed","ping_status":"open","sticky":false,"template":"","format":"standard","meta":{"colormag_page_layout":"default_layout","footnotes":""},"categories":[2],"tags":[],"class_list":["post-7089","post","type-post","status-publish","format-standard","has-post-thumbnail","hentry","category-noticias"],"_links":{"self":[{"href":"https:\/\/oasisfm935.com.ar\/site\/wp-json\/wp\/v2\/posts\/7089","targetHints":{"allow":["GET"]}}],"collection":[{"href":"https:\/\/oasisfm935.com.ar\/site\/wp-json\/wp\/v2\/posts"}],"about":[{"href":"https:\/\/oasisfm935.com.ar\/site\/wp-json\/wp\/v2\/types\/post"}],"author":[{"embeddable":true,"href":"https:\/\/oasisfm935.com.ar\/site\/wp-json\/wp\/v2\/users\/4"}],"replies":[{"embeddable":true,"href":"https:\/\/oasisfm935.com.ar\/site\/wp-json\/wp\/v2\/comments?post=7089"}],"version-history":[{"count":1,"href":"https:\/\/oasisfm935.com.ar\/site\/wp-json\/wp\/v2\/posts\/7089\/revisions"}],"predecessor-version":[{"id":7091,"href":"https:\/\/oasisfm935.com.ar\/site\/wp-json\/wp\/v2\/posts\/7089\/revisions\/7091"}],"wp:featuredmedia":[{"embeddable":true,"href":"https:\/\/oasisfm935.com.ar\/site\/wp-json\/wp\/v2\/media\/7090"}],"wp:attachment":[{"href":"https:\/\/oasisfm935.com.ar\/site\/wp-json\/wp\/v2\/media?parent=7089"}],"wp:term":[{"taxonomy":"category","embeddable":true,"href":"https:\/\/oasisfm935.com.ar\/site\/wp-json\/wp\/v2\/categories?post=7089"},{"taxonomy":"post_tag","embeddable":true,"href":"https:\/\/oasisfm935.com.ar\/site\/wp-json\/wp\/v2\/tags?post=7089"}],"curies":[{"name":"wp","href":"https:\/\/api.w.org\/{rel}","templated":true}]}}