{"id":7094,"date":"2020-09-29T20:18:54","date_gmt":"2020-09-29T23:18:54","guid":{"rendered":"http:\/\/oasisfm935.com\/site\/?p=7094"},"modified":"2020-09-29T20:18:54","modified_gmt":"2020-09-29T23:18:54","slug":"coronavirus-la-pampa-se-detectaron-23-nuevos-casos-de-los-cuales-2-son-de-parera","status":"publish","type":"post","link":"https:\/\/oasisfm935.com.ar\/site\/coronavirus-la-pampa-se-detectaron-23-nuevos-casos-de-los-cuales-2-son-de-parera\/","title":{"rendered":"Coronavirus La Pampa: Se detectaron 23 nuevos casos, de los cuales 2 son de Parera."},"content":{"rendered":"<ul>\n<li>Desde el Gobierno informaron que todas las personas se encuentran aisladas.<\/li>\n<li>De los 23 casos confirmados nueve eran contactos de estrechos, diez contactos de contactos y cuatro se encuentran en investigaci\u00f3n epidemiol\u00f3gica.<\/li>\n<\/ul>\n<p>El Gobierno de la Provincia de La Pampa, a trav\u00e9s del Ministerio de Salud, comunic\u00f3 que en horas de la tarde del d\u00eda 29 de septiembre se finaliz\u00f3 con el procesamiento de 186 muestras en los laboratorios de la Direcci\u00f3n de Epidemiolog\u00eda, y de los Hospitales Lucio Molas y Gobernador Centeno, de las cuales 23 resultaron positivas para COVID-19.<\/p>\n<p>De ellas 6 corresponden a residentes en la localidad de Bernardo Larroud\u00e9, 6 en General Pico, 3 en Santa Rosa, 2 en Abramo, 2 en Parera, 1 en Lonquimay, 1 en Bernasconi, 1 en Winifreda y 1 en Realic\u00f3.<\/p>\n<p>Todas las personas se encuentran aisladas.<\/p>\n<p>De los 23 casos confirmados 9 eran contactos de estrechos, 10 contactos de contactos y 4 se encuentran en investigaci\u00f3n epidemiol\u00f3gica.<\/p>\n<p><strong>Situaci\u00f3n en La Pampa<\/strong><\/p>\n<p>Desde el inicio de la pandemia, en la Provincia, se registraron un total de 712 casos positivos para COVID-19, de los cuales 207 permanecen activos, 6 han fallecido y 499 se han recuperado, entre estos \u00faltimos se encuentran 13 personas de la localidad Intendente Alvear, 4 de Santa Rosa, 2 de Toay y 1 de Catril\u00f3.<\/p>\n<p>Los casos confirmados activos est\u00e1n distribuidos de la siguiente manera: 35 en la localidad de Intendente Alvear,36 en la ciudad de Santa Rosa, 24 en 25 de Mayo, 19 en Bernardo Larroud\u00e9, 20 en General Pico, 30 en Toay, 6 en Realic\u00f3,10 en Bernasconi, 13 en Quem\u00fa Quem\u00fa, 5 en General San Mart\u00edn,2 en General Acha, 2 en Abramo, 2 en Parera,1 en Catril\u00f3, 1 en Lonquimay y 1 en Winifreda.<\/p>\n<p>Al d\u00eda de la fecha se encuentran aisladas un total de 4.497 personas en toda la Provincia.<\/p>\n<p><strong>Internados<\/strong><\/p>\n<p>Se encuentran internadas 21 personas confirmadas para COVID-19. En General Pico 12 pacientes, 5 en sala de terapia intensiva con pron\u00f3stico reservado y 7 en modulares.<\/p>\n<p>En el Centro Emergente de Asistencia Respiratoria (CEAR) de Santa Rosa, se encuentran internadas 9 personas, de ellas 6 en cl\u00ednica m\u00e9dica y 3 en terapia intensiva.<\/p>\n<div class=\"oasis-despues-del-contenido\" id=\"oasis-4072948723\"><img loading=\"lazy\" decoding=\"async\" src=\"https:\/\/oasisfm935.com.ar\/site\/wp-content\/uploads\/2020\/08\/47806202-8741-49f2-a5c9-d2f930e5baa1.jpg\" alt=\"\"  srcset=\"https:\/\/oasisfm935.com.ar\/site\/wp-content\/uploads\/2020\/08\/47806202-8741-49f2-a5c9-d2f930e5baa1.jpg 1080w, https:\/\/oasisfm935.com.ar\/site\/wp-content\/uploads\/2020\/08\/47806202-8741-49f2-a5c9-d2f930e5baa1-300x300.jpg 300w, https:\/\/oasisfm935.com.ar\/site\/wp-content\/uploads\/2020\/08\/47806202-8741-49f2-a5c9-d2f930e5baa1-1024x1024.jpg 1024w, https:\/\/oasisfm935.com.ar\/site\/wp-content\/uploads\/2020\/08\/47806202-8741-49f2-a5c9-d2f930e5baa1-150x150.jpg 150w, https:\/\/oasisfm935.com.ar\/site\/wp-content\/uploads\/2020\/08\/47806202-8741-49f2-a5c9-d2f930e5baa1-768x768.jpg 768w\" sizes=\"(max-width: 1080px) 100vw, 1080px\" class=\"no-lazyload\" width=\"1080\" height=\"1080\"  style=\"display: inline-block;\" \/><\/div>","protected":false},"excerpt":{"rendered":"<p>Desde el Gobierno informaron que todas las personas se encuentran aisladas. De los 23 casos confirmados nueve eran contactos de estrechos, diez<\/p>\n","protected":false},"author":4,"featured_media":7095,"comment_status":"closed","ping_status":"open","sticky":false,"template":"","format":"standard","meta":{"colormag_page_layout":"default_layout","footnotes":""},"categories":[2],"tags":[],"class_list":["post-7094","post","type-post","status-publish","format-standard","has-post-thumbnail","hentry","category-noticias"],"_links":{"self":[{"href":"https:\/\/oasisfm935.com.ar\/site\/wp-json\/wp\/v2\/posts\/7094","targetHints":{"allow":["GET"]}}],"collection":[{"href":"https:\/\/oasisfm935.com.ar\/site\/wp-json\/wp\/v2\/posts"}],"about":[{"href":"https:\/\/oasisfm935.com.ar\/site\/wp-json\/wp\/v2\/types\/post"}],"author":[{"embeddable":true,"href":"https:\/\/oasisfm935.com.ar\/site\/wp-json\/wp\/v2\/users\/4"}],"replies":[{"embeddable":true,"href":"https:\/\/oasisfm935.com.ar\/site\/wp-json\/wp\/v2\/comments?post=7094"}],"version-history":[{"count":1,"href":"https:\/\/oasisfm935.com.ar\/site\/wp-json\/wp\/v2\/posts\/7094\/revisions"}],"predecessor-version":[{"id":7096,"href":"https:\/\/oasisfm935.com.ar\/site\/wp-json\/wp\/v2\/posts\/7094\/revisions\/7096"}],"wp:featuredmedia":[{"embeddable":true,"href":"https:\/\/oasisfm935.com.ar\/site\/wp-json\/wp\/v2\/media\/7095"}],"wp:attachment":[{"href":"https:\/\/oasisfm935.com.ar\/site\/wp-json\/wp\/v2\/media?parent=7094"}],"wp:term":[{"taxonomy":"category","embeddable":true,"href":"https:\/\/oasisfm935.com.ar\/site\/wp-json\/wp\/v2\/categories?post=7094"},{"taxonomy":"post_tag","embeddable":true,"href":"https:\/\/oasisfm935.com.ar\/site\/wp-json\/wp\/v2\/tags?post=7094"}],"curies":[{"name":"wp","href":"https:\/\/api.w.org\/{rel}","templated":true}]}}