{"id":7098,"date":"2020-09-30T09:34:07","date_gmt":"2020-09-30T12:34:07","guid":{"rendered":"http:\/\/oasisfm935.com\/site\/?p=7098"},"modified":"2020-09-30T09:34:26","modified_gmt":"2020-09-30T12:34:26","slug":"los-bomberos-de-ingeniero-luiggi-adquirieron-nueva-indumentaria-forestal","status":"publish","type":"post","link":"https:\/\/oasisfm935.com.ar\/site\/los-bomberos-de-ingeniero-luiggi-adquirieron-nueva-indumentaria-forestal\/","title":{"rendered":"Los Bomberos de Ingeniero Luiggi adquirieron nueva indumentaria forestal"},"content":{"rendered":"<p>Esta noche, la Asociaci\u00f3n Bomberos Voluntarios de Ing. Luiggi entreg\u00f3 indumentaria para siniestros forestales, entre otras. El monto invertido supera los $700.000.<\/p>\n<p>Zonal Noticias estuvo en el momento de la entrega, dialogando con el Presidente de la Asociaci\u00f3n Elvio Justiniano, quien cont\u00f3 que \u201ceste equipamiento era algo que le estaba faltando a nuestros voluntarios y lo ven\u00edan requiriendo\u201d.<\/p>\n<p>Por su parte el Tesorero, Ricardo Lardone, dijo a Zonal Noticias que la inversi\u00f3n que se hizo para la indumentaria fue de $531.425\u201d.<\/p>\n<p><img decoding=\"async\" src=\"https:\/\/zonalnoticias.com\/wp-content\/uploads\/2020\/09\/Elvio-Justiano-y-Ricardo-Lardone-comision-bomberos-de-Luiggi.jpg\" \/><\/p>\n<figure class=\"wp-block-image size-large\"><figcaption>omisi\u00f3n: El Presidente, Elvio Justiniano y el Tesorera, Ricardo Lardone.<\/figcaption><\/figure>\n<p>\u201cEs un a\u00f1o muy complicado a ra\u00edz de la pandemia, y ojal\u00e1 que pase pronto. Por ejemplo, nos qued\u00f3 la Fiesta del Asador pendiente, que ni bien pase todo \u00e9sto, esperamos poder hacerla. Solamente estuvimos a una semana de concretarla, all\u00e1 por marzo,\u201d manifest\u00f3 el tesorero.<\/p>\n<p>\u201cEstamos muy agradecidos al grupo del cuerpo activo, a la comisi\u00f3n y al pueblo que siempre nos est\u00e1 bancando y dando una mano cuando lo necesitamos\u201d, se\u00f1al\u00f3 Lardone.<\/p>\n<p>Al consultarle si hay algo programado para recaudar fondos, el tesorero cont\u00f3 que se hab\u00eda pensado en realizar una rifa grande, pero si todo anda bien se har\u00e1 a principios del a\u00f1o que viene.<\/p>\n<p><img decoding=\"async\" src=\"https:\/\/zonalnoticias.com\/wp-content\/uploads\/2020\/09\/indumentaria-bomberos-luiggi-4.jpg\" \/><\/p>\n<p>Por su parte, nuestro portal habl\u00f3 con el subjefe del cuerpo activo, Sebasti\u00e1n Hamdan sobre los elementos adquiridos, quien expres\u00f3 que \u201cdespu\u00e9s de tanto esfuerzo de la comisi\u00f3n y del cuerpo activo, lleg\u00f3\u00bb.<\/p>\n<p>\u00abEs algo fundamental que est\u00e1bamos necesitando en los incendios. Hab\u00eda muchos bomberos que les estaba faltando este equipamiento porque eran sumas muy altas para poder adquirirlos\u201d, resalt\u00f3.<\/p>\n<p>\u201cNo solo se invirtieron m\u00e1s de 500 mil pesos en la indumentaria, sino, que adem\u00e1s se invirti\u00f3 en la parte operativa en las unidades, como arreglos y mantenimientos, por una suma cercana a los 170 mil pesos. Es decir que la Asociaci\u00f3n local debi\u00f3 destinar unos $770.000,\u201d explico Hamdan.<\/p>\n<p><img decoding=\"async\" src=\"https:\/\/zonalnoticias.com\/wp-content\/uploads\/2020\/09\/sebastin-handam-bomberos-de-luiggi-indumentaria.jpg\" \/><\/p>\n<p>\u201cAhora se adquirieron: cascos forestales, pantal\u00f3n, borcegu\u00eds forestales, chaqueta, cintos, botas para el equipo estructural para incendios de viviendas, guantes, antiparras, nuevos quemadores livianos, lo que nos va a facilitar mucho m\u00e1s las tareas\u201d, detall\u00f3 el subjefe.<\/p>\n<p>\u201cCabe destacar que un bombero equipado con esta indumentaria (cascos forestales, pantal\u00f3n, borcegu\u00eds forestales, chaqueta, cintos, guantes, antiparras) ronda los 60 mil pesos. Ya en lo que es indumentaria para incendios estructurales, estamos hablando de sumas mucho m\u00e1s altas,\u201d culmin\u00f3 el bombero.<\/p>\n<p><img decoding=\"async\" src=\"https:\/\/zonalnoticias.com\/wp-content\/uploads\/2020\/09\/indumentaria-bomberos-luiggi-2.jpg\" \/><\/p>\n<p><img decoding=\"async\" src=\"https:\/\/zonalnoticias.com\/wp-content\/uploads\/2020\/09\/indumentaria-bomberos-luiggi-3.jpg\" \/><\/p>\n<p>Por su parte, los 10 bomberos que recibieron esta nueva ropa, se manifestaron muy felices y agradecidos.<\/p>\n<p>Mir\u00e1 el video de la entrega en nuestra p\u00e1gina de Facebook.<\/p>\n<p><img decoding=\"async\" src=\"https:\/\/zonalnoticias.com\/wp-content\/uploads\/2020\/09\/indumentaria-bomberos-luiggi-1.jpg\" \/><\/p>\n<p><img decoding=\"async\" src=\"https:\/\/scontent.frsa4-1.fna.fbcdn.net\/v\/t1.15752-9\/120461370_656979775251389_4074557125005417764_n.jpg?_nc_cat=107&amp;_nc_sid=ae9488&amp;_nc_eui2=AeHMRBsRJkolUf0_lGzwxPBmyXdjTQlWoWjJd2NNCVahaHYNKJFTQXteMemXQjvYa50&amp;_nc_ohc=6GfWAnCPHUAAX-Nx7sh&amp;_nc_ht=scontent.frsa4-1.fna&amp;oh=7154bacbe909b73206073781aeb1c6a9&amp;oe=5F9B32BC\" alt=\"Sin descripci\u00f3n disponible.\" \/><\/p>\n<p><img decoding=\"async\" src=\"https:\/\/scontent.frsa4-1.fna.fbcdn.net\/v\/t1.15752-9\/120504429_615871305716774_8852031484838638727_n.jpg?_nc_cat=108&amp;_nc_sid=ae9488&amp;_nc_eui2=AeEsn0LSG855HdWcwr1ovtWq750baYy7Kf7vnRtpjLsp_oqkuUlHu0EymF829ooyk8U&amp;_nc_ohc=5ihqDL97yVoAX8iAaug&amp;_nc_ht=scontent.frsa4-1.fna&amp;oh=7b9ff4ff5bb997b2382760e019525f69&amp;oe=5F99379C\" alt=\"Sin descripci\u00f3n disponible.\" \/><\/p>\n<div class=\"oasis-despues-del-contenido\" id=\"oasis-1612671648\"><img loading=\"lazy\" decoding=\"async\" src=\"https:\/\/oasisfm935.com.ar\/site\/wp-content\/uploads\/2020\/08\/47806202-8741-49f2-a5c9-d2f930e5baa1.jpg\" alt=\"\"  srcset=\"https:\/\/oasisfm935.com.ar\/site\/wp-content\/uploads\/2020\/08\/47806202-8741-49f2-a5c9-d2f930e5baa1.jpg 1080w, https:\/\/oasisfm935.com.ar\/site\/wp-content\/uploads\/2020\/08\/47806202-8741-49f2-a5c9-d2f930e5baa1-300x300.jpg 300w, https:\/\/oasisfm935.com.ar\/site\/wp-content\/uploads\/2020\/08\/47806202-8741-49f2-a5c9-d2f930e5baa1-1024x1024.jpg 1024w, https:\/\/oasisfm935.com.ar\/site\/wp-content\/uploads\/2020\/08\/47806202-8741-49f2-a5c9-d2f930e5baa1-150x150.jpg 150w, https:\/\/oasisfm935.com.ar\/site\/wp-content\/uploads\/2020\/08\/47806202-8741-49f2-a5c9-d2f930e5baa1-768x768.jpg 768w\" sizes=\"(max-width: 1080px) 100vw, 1080px\" class=\"no-lazyload\" width=\"1080\" height=\"1080\"  style=\"display: inline-block;\" \/><\/div>","protected":false},"excerpt":{"rendered":"<p>Esta noche, la Asociaci\u00f3n Bomberos Voluntarios de Ing. Luiggi entreg\u00f3 indumentaria para siniestros forestales, entre otras. El monto invertido supera los $700.000.<\/p>\n","protected":false},"author":4,"featured_media":7099,"comment_status":"closed","ping_status":"open","sticky":false,"template":"","format":"standard","meta":{"colormag_page_layout":"default_layout","footnotes":""},"categories":[2],"tags":[],"class_list":["post-7098","post","type-post","status-publish","format-standard","has-post-thumbnail","hentry","category-noticias"],"_links":{"self":[{"href":"https:\/\/oasisfm935.com.ar\/site\/wp-json\/wp\/v2\/posts\/7098","targetHints":{"allow":["GET"]}}],"collection":[{"href":"https:\/\/oasisfm935.com.ar\/site\/wp-json\/wp\/v2\/posts"}],"about":[{"href":"https:\/\/oasisfm935.com.ar\/site\/wp-json\/wp\/v2\/types\/post"}],"author":[{"embeddable":true,"href":"https:\/\/oasisfm935.com.ar\/site\/wp-json\/wp\/v2\/users\/4"}],"replies":[{"embeddable":true,"href":"https:\/\/oasisfm935.com.ar\/site\/wp-json\/wp\/v2\/comments?post=7098"}],"version-history":[{"count":1,"href":"https:\/\/oasisfm935.com.ar\/site\/wp-json\/wp\/v2\/posts\/7098\/revisions"}],"predecessor-version":[{"id":7100,"href":"https:\/\/oasisfm935.com.ar\/site\/wp-json\/wp\/v2\/posts\/7098\/revisions\/7100"}],"wp:featuredmedia":[{"embeddable":true,"href":"https:\/\/oasisfm935.com.ar\/site\/wp-json\/wp\/v2\/media\/7099"}],"wp:attachment":[{"href":"https:\/\/oasisfm935.com.ar\/site\/wp-json\/wp\/v2\/media?parent=7098"}],"wp:term":[{"taxonomy":"category","embeddable":true,"href":"https:\/\/oasisfm935.com.ar\/site\/wp-json\/wp\/v2\/categories?post=7098"},{"taxonomy":"post_tag","embeddable":true,"href":"https:\/\/oasisfm935.com.ar\/site\/wp-json\/wp\/v2\/tags?post=7098"}],"curies":[{"name":"wp","href":"https:\/\/api.w.org\/{rel}","templated":true}]}}