{"id":7105,"date":"2020-09-30T12:58:25","date_gmt":"2020-09-30T15:58:25","guid":{"rendered":"http:\/\/oasisfm935.com\/site\/?p=7105"},"modified":"2020-09-30T12:58:43","modified_gmt":"2020-09-30T15:58:43","slug":"corte-total-de-la-ruta-188-camioneros-ahora-bloquearon-el-acceso-a-rancul","status":"publish","type":"post","link":"https:\/\/oasisfm935.com.ar\/site\/corte-total-de-la-ruta-188-camioneros-ahora-bloquearon-el-acceso-a-rancul\/","title":{"rendered":"Corte total de la ruta 188: camioneros ahora bloquearon el acceso a Rancul"},"content":{"rendered":"<p>El grupo de transportistas que mantiene cortada la ruta nacional 188, ahora bloque\u00f3 el ingreso principal a la localidad de Rancul y crece la preocupaci\u00f3n de los vecinos ante la posibilidad de quedar aislados.<\/p>\n<p>Los camioneros est\u00e1n reclamando al gobierno de San Luis para que flexibilice protocolos de ingreso.<\/p>\n<p>Los vecinos de Rancul pueden ingresar y salir por caminos alternativos.<\/p>\n<p>Esta situaci\u00f3n motiv\u00f3 la presencia en el lugar del intendente Hernan Viano que explic\u00f3 que como se trata de una ruta nacional debe intervenir la Polic\u00eda Federal o Gendarmer\u00eda a trav\u00e9s de una orden de un Juzgado Federal, seg\u00fan public\u00f3 Zonal Noticias.<\/p>\n<p><strong>\u201cMe manifestaron que hasta que no se resuelva el levantamiento del corte, iban a terminar bloqueando el acceso a la localidad\u201d<\/strong>, inform\u00f3.<\/p>\n<p>\u201cLes manifest\u00e9 que Rancul no tiene nada que ver. Acabo de comunicarme con el ministro de Seguridad Horacio di N\u00e1poli, me confirm\u00f3 que iba a derivar la inquietud al Juzgado Federal y ellos son los que tienen que intervenir porque se trata de una ruta federal\u201d, expres\u00f3 el intendente.<\/p>\n<p><img decoding=\"async\" src=\"http:\/\/diariotextual.com\/inicio\/wp-content\/uploads\/2020\/09\/cortecamionerosruta188y64319.png\" \/><\/p>\n<p>\u201cPedimos refuerzos al comisario mayor Cristian Dupuy de la Unidad Regional II\u201d, coment\u00f3 tambi\u00e9n el mandatario municipal.<\/p>\n<p><strong>\u201cRancul no tiene nada que ver en esta protesta\u201d,\u00a0<\/strong>reiter\u00f3 el jefe comunal.<\/p>\n<p>&nbsp;<\/p>\n<p><em>Foto gentileza Zonal Noticias<\/em><\/p>\n<div class=\"oasis-despues-del-contenido\" id=\"oasis-3350211171\"><img loading=\"lazy\" decoding=\"async\" src=\"https:\/\/oasisfm935.com.ar\/site\/wp-content\/uploads\/2020\/08\/47806202-8741-49f2-a5c9-d2f930e5baa1.jpg\" alt=\"\"  srcset=\"https:\/\/oasisfm935.com.ar\/site\/wp-content\/uploads\/2020\/08\/47806202-8741-49f2-a5c9-d2f930e5baa1.jpg 1080w, https:\/\/oasisfm935.com.ar\/site\/wp-content\/uploads\/2020\/08\/47806202-8741-49f2-a5c9-d2f930e5baa1-300x300.jpg 300w, https:\/\/oasisfm935.com.ar\/site\/wp-content\/uploads\/2020\/08\/47806202-8741-49f2-a5c9-d2f930e5baa1-1024x1024.jpg 1024w, https:\/\/oasisfm935.com.ar\/site\/wp-content\/uploads\/2020\/08\/47806202-8741-49f2-a5c9-d2f930e5baa1-150x150.jpg 150w, https:\/\/oasisfm935.com.ar\/site\/wp-content\/uploads\/2020\/08\/47806202-8741-49f2-a5c9-d2f930e5baa1-768x768.jpg 768w\" sizes=\"(max-width: 1080px) 100vw, 1080px\" class=\"no-lazyload\" width=\"1080\" height=\"1080\"  style=\"display: inline-block;\" \/><\/div>","protected":false},"excerpt":{"rendered":"<p>El grupo de transportistas que mantiene cortada la ruta nacional 188, ahora bloque\u00f3 el ingreso principal a la localidad de Rancul y<\/p>\n","protected":false},"author":4,"featured_media":7106,"comment_status":"closed","ping_status":"open","sticky":false,"template":"","format":"standard","meta":{"colormag_page_layout":"default_layout","footnotes":""},"categories":[2],"tags":[],"class_list":["post-7105","post","type-post","status-publish","format-standard","has-post-thumbnail","hentry","category-noticias"],"_links":{"self":[{"href":"https:\/\/oasisfm935.com.ar\/site\/wp-json\/wp\/v2\/posts\/7105","targetHints":{"allow":["GET"]}}],"collection":[{"href":"https:\/\/oasisfm935.com.ar\/site\/wp-json\/wp\/v2\/posts"}],"about":[{"href":"https:\/\/oasisfm935.com.ar\/site\/wp-json\/wp\/v2\/types\/post"}],"author":[{"embeddable":true,"href":"https:\/\/oasisfm935.com.ar\/site\/wp-json\/wp\/v2\/users\/4"}],"replies":[{"embeddable":true,"href":"https:\/\/oasisfm935.com.ar\/site\/wp-json\/wp\/v2\/comments?post=7105"}],"version-history":[{"count":1,"href":"https:\/\/oasisfm935.com.ar\/site\/wp-json\/wp\/v2\/posts\/7105\/revisions"}],"predecessor-version":[{"id":7107,"href":"https:\/\/oasisfm935.com.ar\/site\/wp-json\/wp\/v2\/posts\/7105\/revisions\/7107"}],"wp:featuredmedia":[{"embeddable":true,"href":"https:\/\/oasisfm935.com.ar\/site\/wp-json\/wp\/v2\/media\/7106"}],"wp:attachment":[{"href":"https:\/\/oasisfm935.com.ar\/site\/wp-json\/wp\/v2\/media?parent=7105"}],"wp:term":[{"taxonomy":"category","embeddable":true,"href":"https:\/\/oasisfm935.com.ar\/site\/wp-json\/wp\/v2\/categories?post=7105"},{"taxonomy":"post_tag","embeddable":true,"href":"https:\/\/oasisfm935.com.ar\/site\/wp-json\/wp\/v2\/tags?post=7105"}],"curies":[{"name":"wp","href":"https:\/\/api.w.org\/{rel}","templated":true}]}}