{"id":7109,"date":"2020-09-30T13:22:24","date_gmt":"2020-09-30T16:22:24","guid":{"rendered":"http:\/\/oasisfm935.com\/site\/?p=7109"},"modified":"2020-09-30T13:22:57","modified_gmt":"2020-09-30T16:22:57","slug":"la-pampa-covid-19-1-caso-en-general-pico-2-en-toay-y-1-en-santa-rosa","status":"publish","type":"post","link":"https:\/\/oasisfm935.com.ar\/site\/la-pampa-covid-19-1-caso-en-general-pico-2-en-toay-y-1-en-santa-rosa\/","title":{"rendered":"La Pampa COVID-19: 1 caso en General Pico, 2 en Toay y 1 en Santa Rosa."},"content":{"rendered":"<p>El Gobierno de la provincia de La Pampa, a trav\u00e9s del Ministerio de Salud, comunic\u00f3 que en horas de la ma\u00f1ana del d\u00eda 30 de septiembre, se finaliz\u00f3 con el procesamiento de 77 muestras analizadas en los laboratorios de la Direcci\u00f3n de Epidemiolog\u00eda y de los Hospitales Lucio Molas y Gobernador Centeno. De las mismas, 4 resultaron positivas para COVID-19, de las cuales 2 residen en la localidad de Toay, 1 en General Pico y 1 en Santa Rosa. Se trata de 4 personas que se encontraban aisladas por ser contactos estrechos de casos positivos.<\/p>\n<p><strong>Situaci\u00f3n Provincial<\/strong><br \/>\nDesde el inicio de la pandemia, en nuestra provincia, se registraron un total 716 casos positivos para COVID-19, de los cuales 190 permanecen activos, 6 han fallecido y 520\u00a0 se han recuperado, entre estos \u00faltimos se encuentran 6 personas de la localidad Intendente Alvear,\u00a02 de Santa Rosa, 4 de Toay,\u00a04 de 25 de Mayo y 5 de Quem\u00fa Quem\u00fa.\u00a0Los casos confirmados activos est\u00e1n distribuidos de la siguiente manera: 29 en Intendente Alvear,\u00a0 35\u00a0 en la ciudad de Santa Rosa, 20 en 25 de mayo, 19 en Larroud\u00e9, 21 en General Pico, 28 en Toay,\u00a0 6 en Realic\u00f3,\u00a010 en Bernasconi,\u00a08 en Quem\u00fa Quem\u00fa, 5 en General San Mart\u00edn,2 en General Acha, 2 en Abramo, 2 en Parera,1 en Catril\u00f3, 1 en Lonquimay y 1 en Winifreda.<\/p>\n<p><strong>Al d\u00eda de la fecha se encuentran aisladas un total de 4373 personas en toda la provincia.<\/strong><br \/>\nSe encuentran internadas 22\u00a0personas confirmadas para COVID-19. En General Pico 12 personas, 5\u00a0en Terapia intensiva con pron\u00f3stico reservado y 7 en modulares. En el Centro de Enfermedades de Asistencia Respiratoria de Santa Rosa, se encuentran internadas 10 personas, de ellas 6 en cl\u00ednica m\u00e9dica y 4 en terapia intensiva.<\/p>\n<div class=\"oasis-despues-del-contenido\" id=\"oasis-400135257\"><img loading=\"lazy\" decoding=\"async\" src=\"https:\/\/oasisfm935.com.ar\/site\/wp-content\/uploads\/2020\/08\/47806202-8741-49f2-a5c9-d2f930e5baa1.jpg\" alt=\"\"  srcset=\"https:\/\/oasisfm935.com.ar\/site\/wp-content\/uploads\/2020\/08\/47806202-8741-49f2-a5c9-d2f930e5baa1.jpg 1080w, https:\/\/oasisfm935.com.ar\/site\/wp-content\/uploads\/2020\/08\/47806202-8741-49f2-a5c9-d2f930e5baa1-300x300.jpg 300w, https:\/\/oasisfm935.com.ar\/site\/wp-content\/uploads\/2020\/08\/47806202-8741-49f2-a5c9-d2f930e5baa1-1024x1024.jpg 1024w, https:\/\/oasisfm935.com.ar\/site\/wp-content\/uploads\/2020\/08\/47806202-8741-49f2-a5c9-d2f930e5baa1-150x150.jpg 150w, https:\/\/oasisfm935.com.ar\/site\/wp-content\/uploads\/2020\/08\/47806202-8741-49f2-a5c9-d2f930e5baa1-768x768.jpg 768w\" sizes=\"(max-width: 1080px) 100vw, 1080px\" class=\"no-lazyload\" width=\"1080\" height=\"1080\"  style=\"display: inline-block;\" \/><\/div>","protected":false},"excerpt":{"rendered":"<p>El Gobierno de la provincia de La Pampa, a trav\u00e9s del Ministerio de Salud, comunic\u00f3 que en horas de la ma\u00f1ana del<\/p>\n","protected":false},"author":4,"featured_media":7110,"comment_status":"closed","ping_status":"open","sticky":false,"template":"","format":"standard","meta":{"colormag_page_layout":"default_layout","footnotes":""},"categories":[2],"tags":[],"class_list":["post-7109","post","type-post","status-publish","format-standard","has-post-thumbnail","hentry","category-noticias"],"_links":{"self":[{"href":"https:\/\/oasisfm935.com.ar\/site\/wp-json\/wp\/v2\/posts\/7109","targetHints":{"allow":["GET"]}}],"collection":[{"href":"https:\/\/oasisfm935.com.ar\/site\/wp-json\/wp\/v2\/posts"}],"about":[{"href":"https:\/\/oasisfm935.com.ar\/site\/wp-json\/wp\/v2\/types\/post"}],"author":[{"embeddable":true,"href":"https:\/\/oasisfm935.com.ar\/site\/wp-json\/wp\/v2\/users\/4"}],"replies":[{"embeddable":true,"href":"https:\/\/oasisfm935.com.ar\/site\/wp-json\/wp\/v2\/comments?post=7109"}],"version-history":[{"count":1,"href":"https:\/\/oasisfm935.com.ar\/site\/wp-json\/wp\/v2\/posts\/7109\/revisions"}],"predecessor-version":[{"id":7111,"href":"https:\/\/oasisfm935.com.ar\/site\/wp-json\/wp\/v2\/posts\/7109\/revisions\/7111"}],"wp:featuredmedia":[{"embeddable":true,"href":"https:\/\/oasisfm935.com.ar\/site\/wp-json\/wp\/v2\/media\/7110"}],"wp:attachment":[{"href":"https:\/\/oasisfm935.com.ar\/site\/wp-json\/wp\/v2\/media?parent=7109"}],"wp:term":[{"taxonomy":"category","embeddable":true,"href":"https:\/\/oasisfm935.com.ar\/site\/wp-json\/wp\/v2\/categories?post=7109"},{"taxonomy":"post_tag","embeddable":true,"href":"https:\/\/oasisfm935.com.ar\/site\/wp-json\/wp\/v2\/tags?post=7109"}],"curies":[{"name":"wp","href":"https:\/\/api.w.org\/{rel}","templated":true}]}}