{"id":7132,"date":"2020-09-30T18:45:41","date_gmt":"2020-09-30T21:45:41","guid":{"rendered":"http:\/\/oasisfm935.com\/site\/?p=7132"},"modified":"2020-09-30T18:45:41","modified_gmt":"2020-09-30T21:45:41","slug":"cordoba-el-premio-jeronimo-de-la-gente-2020-fue-para-chuni-arnaudo","status":"publish","type":"post","link":"https:\/\/oasisfm935.com.ar\/site\/cordoba-el-premio-jeronimo-de-la-gente-2020-fue-para-chuni-arnaudo\/","title":{"rendered":"C\u00f3rdoba: El premio Jer\u00f3nimo de la Gente 2020 fue para Chuni Arnaudo"},"content":{"rendered":"<p><strong>La Municipalidad de C\u00f3rdoba difundi\u00f3 este mi\u00e9rcoles todos los ganadores de las tradicionales distinciones Jer\u00f3nimo en su edici\u00f3n 2020, en el marco del d\u00eda del patrono de la ciudad.<\/strong><\/p>\n<p>Los galardones destacan a referentes locales que proyectan valores en actividades como la cultura, la salud, la educaci\u00f3n, el periodismo, las comunidades barriales, el comercio, las empresas y las instituciones, partiendo de una serie de propuestas en base a su trabajo concreto por la comunidad, generalmente vinculado al servicio social y la solidaridad.<\/p>\n<p>Por primera vez en su historia, las sugerencias de los candidatos fueron realizadas por una comisi\u00f3n asesora integrada por personas ya distinguidas previamente y representantes de la mayor\u00eda y primera minor\u00eda del Concejo Deliberante.<\/p>\n<p><strong>El premio Jer\u00f3nimo de la Gente 2020 fue para Chuni Arnaudo, no vidente de nacimiento, periodista, locutor y operador, creador de Radio Cadena Alegr\u00eda y actual conductor del programa radial \u201cLa voz del estadio\u201d del Club Talleres de C\u00f3rdoba; y para Sonia Daniel, del Centro Cultural Mar\u00eda Casta\u00f1a, gestora cultural, actriz, docente y dramaturga, quien lleva adelante en C\u00f3rdoba el Festival Regional Vamos que Venimos.<\/strong><\/p>\n<p>Por \u00faltimo, en esta edici\u00f3n se incorporaron dos Jer\u00f3nimo In Memoriam, dedicados a cordobeses. En ese caso para De la Sota y Mart\u00ed, dos pol\u00edticos cordobeses.<\/p>\n<div class=\"block-ad-node\">\n<div id=\"middle_2-1278864_parent\"><\/div>\n<\/div>\n<p>Debido a la situaci\u00f3n de pandemia, la celebraci\u00f3n en forma presencial quedar\u00e1 posterga, aunque se realiz\u00f3 este reconocimiento virtual.<\/p>\n<div class=\"oasis-despues-del-contenido\" id=\"oasis-2198286067\"><img loading=\"lazy\" decoding=\"async\" src=\"https:\/\/oasisfm935.com.ar\/site\/wp-content\/uploads\/2020\/08\/47806202-8741-49f2-a5c9-d2f930e5baa1.jpg\" alt=\"\"  srcset=\"https:\/\/oasisfm935.com.ar\/site\/wp-content\/uploads\/2020\/08\/47806202-8741-49f2-a5c9-d2f930e5baa1.jpg 1080w, https:\/\/oasisfm935.com.ar\/site\/wp-content\/uploads\/2020\/08\/47806202-8741-49f2-a5c9-d2f930e5baa1-300x300.jpg 300w, https:\/\/oasisfm935.com.ar\/site\/wp-content\/uploads\/2020\/08\/47806202-8741-49f2-a5c9-d2f930e5baa1-1024x1024.jpg 1024w, https:\/\/oasisfm935.com.ar\/site\/wp-content\/uploads\/2020\/08\/47806202-8741-49f2-a5c9-d2f930e5baa1-150x150.jpg 150w, https:\/\/oasisfm935.com.ar\/site\/wp-content\/uploads\/2020\/08\/47806202-8741-49f2-a5c9-d2f930e5baa1-768x768.jpg 768w\" sizes=\"(max-width: 1080px) 100vw, 1080px\" class=\"no-lazyload\" width=\"1080\" height=\"1080\"  style=\"display: inline-block;\" \/><\/div>","protected":false},"excerpt":{"rendered":"<p>La Municipalidad de C\u00f3rdoba difundi\u00f3 este mi\u00e9rcoles todos los ganadores de las tradicionales distinciones Jer\u00f3nimo en su edici\u00f3n 2020, en el marco<\/p>\n","protected":false},"author":4,"featured_media":7133,"comment_status":"closed","ping_status":"open","sticky":false,"template":"","format":"standard","meta":{"colormag_page_layout":"default_layout","footnotes":""},"categories":[2],"tags":[],"class_list":["post-7132","post","type-post","status-publish","format-standard","has-post-thumbnail","hentry","category-noticias"],"_links":{"self":[{"href":"https:\/\/oasisfm935.com.ar\/site\/wp-json\/wp\/v2\/posts\/7132","targetHints":{"allow":["GET"]}}],"collection":[{"href":"https:\/\/oasisfm935.com.ar\/site\/wp-json\/wp\/v2\/posts"}],"about":[{"href":"https:\/\/oasisfm935.com.ar\/site\/wp-json\/wp\/v2\/types\/post"}],"author":[{"embeddable":true,"href":"https:\/\/oasisfm935.com.ar\/site\/wp-json\/wp\/v2\/users\/4"}],"replies":[{"embeddable":true,"href":"https:\/\/oasisfm935.com.ar\/site\/wp-json\/wp\/v2\/comments?post=7132"}],"version-history":[{"count":1,"href":"https:\/\/oasisfm935.com.ar\/site\/wp-json\/wp\/v2\/posts\/7132\/revisions"}],"predecessor-version":[{"id":7134,"href":"https:\/\/oasisfm935.com.ar\/site\/wp-json\/wp\/v2\/posts\/7132\/revisions\/7134"}],"wp:featuredmedia":[{"embeddable":true,"href":"https:\/\/oasisfm935.com.ar\/site\/wp-json\/wp\/v2\/media\/7133"}],"wp:attachment":[{"href":"https:\/\/oasisfm935.com.ar\/site\/wp-json\/wp\/v2\/media?parent=7132"}],"wp:term":[{"taxonomy":"category","embeddable":true,"href":"https:\/\/oasisfm935.com.ar\/site\/wp-json\/wp\/v2\/categories?post=7132"},{"taxonomy":"post_tag","embeddable":true,"href":"https:\/\/oasisfm935.com.ar\/site\/wp-json\/wp\/v2\/tags?post=7132"}],"curies":[{"name":"wp","href":"https:\/\/api.w.org\/{rel}","templated":true}]}}