{"id":7135,"date":"2020-09-30T19:13:56","date_gmt":"2020-09-30T22:13:56","guid":{"rendered":"http:\/\/oasisfm935.com\/site\/?p=7135"},"modified":"2020-09-30T19:15:14","modified_gmt":"2020-09-30T22:15:14","slug":"embajador-martini-un-nuevo-positivo-para-covid-19-y-se-trata-de-un-masculino-mayor","status":"publish","type":"post","link":"https:\/\/oasisfm935.com.ar\/site\/embajador-martini-un-nuevo-positivo-para-covid-19-y-se-trata-de-un-masculino-mayor\/","title":{"rendered":"EMBAJADOR MARTINI: UN NUEVO POSITIVO PARA COVID 19 Y SE TRATA DE UN MASCULINO MAYOR."},"content":{"rendered":"<p>&nbsp;<\/p>\n<p>La noticia se conoci\u00f3 hace instantes y cuenta de un nuevo caso positivo para la peque\u00f1a localidad norte\u00f1a. Con este nuevo caso ya suman un total de cuatro casos, si bien tres de los cuales ya fueron dados de alta.<br \/>\nSe trabaja para bloquear el contagio y ver cu\u00e1les fueron los contactos estrechos con el vecino que dio positivo, un masculino mayor reconocido en la localidad.<\/p>\n<p>La noticia se conoci\u00f3 hace instantes y cuenta de un nuevo caso positivo para la peque\u00f1a localidad norte\u00f1a. Con este nuevo caso ya suman un total de cuatro casos, si bien tres de los cuales ya fueron dados de alta.<br \/>\nSe trabaja para bloquear el contagio y ver cu\u00e1les fueron los contactos estrechos con el vecino que dio positivo, un masculino mayor reconocido en la localidad.<\/p>\n<p>Fuente: Cadena Energy Embajador Martini<\/p>\n<div class=\"oasis-despues-del-contenido\" id=\"oasis-1509060841\"><img loading=\"lazy\" decoding=\"async\" src=\"https:\/\/oasisfm935.com.ar\/site\/wp-content\/uploads\/2020\/08\/47806202-8741-49f2-a5c9-d2f930e5baa1.jpg\" alt=\"\"  srcset=\"https:\/\/oasisfm935.com.ar\/site\/wp-content\/uploads\/2020\/08\/47806202-8741-49f2-a5c9-d2f930e5baa1.jpg 1080w, https:\/\/oasisfm935.com.ar\/site\/wp-content\/uploads\/2020\/08\/47806202-8741-49f2-a5c9-d2f930e5baa1-300x300.jpg 300w, https:\/\/oasisfm935.com.ar\/site\/wp-content\/uploads\/2020\/08\/47806202-8741-49f2-a5c9-d2f930e5baa1-1024x1024.jpg 1024w, https:\/\/oasisfm935.com.ar\/site\/wp-content\/uploads\/2020\/08\/47806202-8741-49f2-a5c9-d2f930e5baa1-150x150.jpg 150w, https:\/\/oasisfm935.com.ar\/site\/wp-content\/uploads\/2020\/08\/47806202-8741-49f2-a5c9-d2f930e5baa1-768x768.jpg 768w\" sizes=\"(max-width: 1080px) 100vw, 1080px\" class=\"no-lazyload\" width=\"1080\" height=\"1080\"  style=\"display: inline-block;\" \/><\/div>","protected":false},"excerpt":{"rendered":"<p>&nbsp; La noticia se conoci\u00f3 hace instantes y cuenta de un nuevo caso positivo para la peque\u00f1a localidad norte\u00f1a. Con este nuevo<\/p>\n","protected":false},"author":4,"featured_media":7136,"comment_status":"closed","ping_status":"open","sticky":false,"template":"","format":"standard","meta":{"colormag_page_layout":"default_layout","footnotes":""},"categories":[2],"tags":[],"class_list":["post-7135","post","type-post","status-publish","format-standard","has-post-thumbnail","hentry","category-noticias"],"_links":{"self":[{"href":"https:\/\/oasisfm935.com.ar\/site\/wp-json\/wp\/v2\/posts\/7135","targetHints":{"allow":["GET"]}}],"collection":[{"href":"https:\/\/oasisfm935.com.ar\/site\/wp-json\/wp\/v2\/posts"}],"about":[{"href":"https:\/\/oasisfm935.com.ar\/site\/wp-json\/wp\/v2\/types\/post"}],"author":[{"embeddable":true,"href":"https:\/\/oasisfm935.com.ar\/site\/wp-json\/wp\/v2\/users\/4"}],"replies":[{"embeddable":true,"href":"https:\/\/oasisfm935.com.ar\/site\/wp-json\/wp\/v2\/comments?post=7135"}],"version-history":[{"count":2,"href":"https:\/\/oasisfm935.com.ar\/site\/wp-json\/wp\/v2\/posts\/7135\/revisions"}],"predecessor-version":[{"id":7138,"href":"https:\/\/oasisfm935.com.ar\/site\/wp-json\/wp\/v2\/posts\/7135\/revisions\/7138"}],"wp:featuredmedia":[{"embeddable":true,"href":"https:\/\/oasisfm935.com.ar\/site\/wp-json\/wp\/v2\/media\/7136"}],"wp:attachment":[{"href":"https:\/\/oasisfm935.com.ar\/site\/wp-json\/wp\/v2\/media?parent=7135"}],"wp:term":[{"taxonomy":"category","embeddable":true,"href":"https:\/\/oasisfm935.com.ar\/site\/wp-json\/wp\/v2\/categories?post=7135"},{"taxonomy":"post_tag","embeddable":true,"href":"https:\/\/oasisfm935.com.ar\/site\/wp-json\/wp\/v2\/tags?post=7135"}],"curies":[{"name":"wp","href":"https:\/\/api.w.org\/{rel}","templated":true}]}}