{"id":715,"date":"2019-02-07T15:16:51","date_gmt":"2019-02-07T18:16:51","guid":{"rendered":"http:\/\/oasisfm935.com\/site\/?p=715"},"modified":"2019-02-07T15:16:51","modified_gmt":"2019-02-07T18:16:51","slug":"ingeniero-luiggi-piensa-en-generar-trabajo-servicios-de-salud-y-techo-para-sus-habitantes","status":"publish","type":"post","link":"https:\/\/oasisfm935.com.ar\/site\/ingeniero-luiggi-piensa-en-generar-trabajo-servicios-de-salud-y-techo-para-sus-habitantes\/","title":{"rendered":"Ingeniero Luiggi piensa en generar trabajo, servicios de salud y techo para sus habitantes"},"content":{"rendered":"<p>&nbsp;<\/p>\n<p>Oscar Zanoli, intendente de Ingeniero Luiggi, agradeci\u00f3 el apoyo del Gobierno Provincial luego de que hoy jueves su localidad recibi\u00f3 la visita de los ministros Fernanda Alonso (Desarrollo Social) y Mart\u00edn Borthiry (Desarrollo Territorial), y del diputado nacional Sergio Ziliotto, con quienes realiz\u00f3 una recorrida para dialogar con productores y observar el avance de las diferentes obras que se est\u00e1n construyendo.<\/p>\n<p>Luego de entregar seis cr\u00e9ditos productivos, el jefe comunal habl\u00f3 con Gu\u00eda en La Pampa. \u201cAgradecer al Gobierno Provincial por creer en nosotros y a todas las dependencias porque siempre nos est\u00e1n dando una mano\u201d, manifest\u00f3, y destac\u00f3 la labor de los emprendedores que \u201cen esta \u00e9poca dif\u00edcil del pa\u00eds siguen apostando a generar trabajo y ampliar lo que tienen\u201d.<\/p>\n<p><a href=\"http:\/\/oasisfm935.com\/site\/wp-content\/uploads\/2019\/02\/FB_IMG_1549562887875.jpg\"><img loading=\"lazy\" decoding=\"async\" class=\"alignnone size-full wp-image-716\" src=\"http:\/\/oasisfm935.com\/site\/wp-content\/uploads\/2019\/02\/FB_IMG_1549562887875.jpg\" alt=\"\" width=\"720\" height=\"480\" srcset=\"https:\/\/oasisfm935.com.ar\/site\/wp-content\/uploads\/2019\/02\/FB_IMG_1549562887875.jpg 720w, https:\/\/oasisfm935.com.ar\/site\/wp-content\/uploads\/2019\/02\/FB_IMG_1549562887875-300x200.jpg 300w\" sizes=\"auto, (max-width: 720px) 100vw, 720px\" \/><\/a><\/p>\n<p>Los rubros favorecidos en esta oportunidad est\u00e1n relacionados con la rama de los servicios y el comercio. \u201cReci\u00e9n venimos de la planta de una firma muy grande que tenemos en Luiggi, que tiene alrededor de 70 empleados, y justamente est\u00e1n cargando en estos momentos dos containers para exportar\u201d, indic\u00f3 Zanoli.<\/p>\n<p>La compa\u00f1\u00eda a la que refiere el intendente es \u201cEl Campo S.A.\u201d, y posee especial transcendencia dentro del contexto de Luiggi por la cantidad de fuentes laborales que otorga de manera directa e indirecta.<a href=\"http:\/\/oasisfm935.com\/site\/wp-content\/uploads\/2019\/02\/FB_IMG_1549562897647.jpg\"><img loading=\"lazy\" decoding=\"async\" class=\"alignnone size-full wp-image-717\" src=\"http:\/\/oasisfm935.com\/site\/wp-content\/uploads\/2019\/02\/FB_IMG_1549562897647.jpg\" alt=\"\" width=\"720\" height=\"480\" srcset=\"https:\/\/oasisfm935.com.ar\/site\/wp-content\/uploads\/2019\/02\/FB_IMG_1549562897647.jpg 720w, https:\/\/oasisfm935.com.ar\/site\/wp-content\/uploads\/2019\/02\/FB_IMG_1549562897647-300x200.jpg 300w\" sizes=\"auto, (max-width: 720px) 100vw, 720px\" \/><\/a><\/p>\n<p>La comitiva tambi\u00e9n estuvo viendo la obra de construcci\u00f3n del Centro de Rehabilitaci\u00f3n Neurol\u00f3gica, que se est\u00e1 haciendo con fondos del Gobierno de La Pampa, el cual servir\u00e1 para paliar la demanda de pacientes que presentan problemas neurol\u00f3gicos que, lamentablemente, no son pocos en la localidad y la zona norte de la provincia.<\/p>\n<p>La Cooperativa de Trabajo, que posee una planta de reciclado, fue otro de los puntos visitados por los funcionarios.<\/p>\n<p>Zanoli inform\u00f3 que se est\u00e1n construyendo diez viviendas bajo el Plan \u201cMi Casa\u201d, que es un proyecto llevado adelante por un esfuerzo com\u00fan entre la Provincia y los Municipios, y adelant\u00f3 que tienen planificado hacer 30 casas m\u00e1s pr\u00f3ximamente.<\/p>\n<div class=\"oasis-despues-del-contenido\" id=\"oasis-1674856696\"><img loading=\"lazy\" decoding=\"async\" src=\"https:\/\/oasisfm935.com.ar\/site\/wp-content\/uploads\/2020\/08\/47806202-8741-49f2-a5c9-d2f930e5baa1.jpg\" alt=\"\"  srcset=\"https:\/\/oasisfm935.com.ar\/site\/wp-content\/uploads\/2020\/08\/47806202-8741-49f2-a5c9-d2f930e5baa1.jpg 1080w, https:\/\/oasisfm935.com.ar\/site\/wp-content\/uploads\/2020\/08\/47806202-8741-49f2-a5c9-d2f930e5baa1-300x300.jpg 300w, https:\/\/oasisfm935.com.ar\/site\/wp-content\/uploads\/2020\/08\/47806202-8741-49f2-a5c9-d2f930e5baa1-1024x1024.jpg 1024w, https:\/\/oasisfm935.com.ar\/site\/wp-content\/uploads\/2020\/08\/47806202-8741-49f2-a5c9-d2f930e5baa1-150x150.jpg 150w, https:\/\/oasisfm935.com.ar\/site\/wp-content\/uploads\/2020\/08\/47806202-8741-49f2-a5c9-d2f930e5baa1-768x768.jpg 768w\" sizes=\"(max-width: 1080px) 100vw, 1080px\" class=\"no-lazyload\" width=\"1080\" height=\"1080\"  style=\"display: inline-block;\" \/><\/div>","protected":false},"excerpt":{"rendered":"<p>&nbsp; Oscar Zanoli, intendente de Ingeniero Luiggi, agradeci\u00f3 el apoyo del Gobierno Provincial luego de que hoy jueves su localidad recibi\u00f3 la<\/p>\n","protected":false},"author":4,"featured_media":710,"comment_status":"closed","ping_status":"open","sticky":false,"template":"","format":"standard","meta":{"colormag_page_layout":"default_layout","footnotes":""},"categories":[2],"tags":[],"class_list":["post-715","post","type-post","status-publish","format-standard","has-post-thumbnail","hentry","category-noticias"],"_links":{"self":[{"href":"https:\/\/oasisfm935.com.ar\/site\/wp-json\/wp\/v2\/posts\/715","targetHints":{"allow":["GET"]}}],"collection":[{"href":"https:\/\/oasisfm935.com.ar\/site\/wp-json\/wp\/v2\/posts"}],"about":[{"href":"https:\/\/oasisfm935.com.ar\/site\/wp-json\/wp\/v2\/types\/post"}],"author":[{"embeddable":true,"href":"https:\/\/oasisfm935.com.ar\/site\/wp-json\/wp\/v2\/users\/4"}],"replies":[{"embeddable":true,"href":"https:\/\/oasisfm935.com.ar\/site\/wp-json\/wp\/v2\/comments?post=715"}],"version-history":[{"count":1,"href":"https:\/\/oasisfm935.com.ar\/site\/wp-json\/wp\/v2\/posts\/715\/revisions"}],"predecessor-version":[{"id":718,"href":"https:\/\/oasisfm935.com.ar\/site\/wp-json\/wp\/v2\/posts\/715\/revisions\/718"}],"wp:featuredmedia":[{"embeddable":true,"href":"https:\/\/oasisfm935.com.ar\/site\/wp-json\/wp\/v2\/media\/710"}],"wp:attachment":[{"href":"https:\/\/oasisfm935.com.ar\/site\/wp-json\/wp\/v2\/media?parent=715"}],"wp:term":[{"taxonomy":"category","embeddable":true,"href":"https:\/\/oasisfm935.com.ar\/site\/wp-json\/wp\/v2\/categories?post=715"},{"taxonomy":"post_tag","embeddable":true,"href":"https:\/\/oasisfm935.com.ar\/site\/wp-json\/wp\/v2\/tags?post=715"}],"curies":[{"name":"wp","href":"https:\/\/api.w.org\/{rel}","templated":true}]}}