{"id":7154,"date":"2020-10-02T12:34:29","date_gmt":"2020-10-02T15:34:29","guid":{"rendered":"http:\/\/oasisfm935.com\/site\/?p=7154"},"modified":"2020-10-02T12:35:46","modified_gmt":"2020-10-02T15:35:46","slug":"la-pampa-por-los-casos-de-covid-winifreda-entra-en-fase-2","status":"publish","type":"post","link":"https:\/\/oasisfm935.com.ar\/site\/la-pampa-por-los-casos-de-covid-winifreda-entra-en-fase-2\/","title":{"rendered":"La Pampa: Por los casos de covid, Winifreda entra en Fase 2"},"content":{"rendered":"<p>Las actividades econ\u00f3micas siguen habilitadas y se limitan totalmente las sociales. Quieren cortar la cadena de contagios de coronavirus.<\/p>\n<p>El Gobierno Provincial resolvi\u00f3 que la localidad de Winifreda ingrese a Fase 2 y pidi\u00f3 a sus vecinos \u201cm\u00e1xima responsabilidad, aislamiento social voluntario y una circulaci\u00f3n m\u00ednima e indispensable\u201d. Las actividades econ\u00f3micas siguen habilitadas y se limitan totalmente las sociales.<\/p>\n<p>Durante la vigencia de la medida la libre circulaci\u00f3n de las personas dentro del l\u00edmite de la localidad queda restringida s\u00f3lo a casos de extrema necesidad. En igual sentido deben evitarse los traslados interurbanos desde o hacia la localidad afectada.<\/p>\n<p>Asimismo quedan prohibidas las reuniones familiares y sociales en domicilios particulares y se establece que la administraci\u00f3n\u00a0 p\u00fablica solo prestar\u00e1 los servicios esenciales<\/p>\n<p>El gobierno explic\u00f3 que la Fase 2 es una etapa intermedia que permitir\u00e1 la continuidad de las actividades econ\u00f3micas, pero mantiene la limitaci\u00f3n total de realizar encuentros sociales y familiares, y restringe la movilidad interna en la localidad.<\/p>\n<p>El objetivo de la medida tiende a facilitar el accionar de los agentes de salud que trabajan en la detecci\u00f3n activa del virus para as\u00ed evitar una cadena de contagios, se explic\u00f3.<\/p>\n<p>El gobierno plante\u00f3 que la acci\u00f3n del gobierno y de los trabajadores de salud p\u00fablica requiere \u00abel invalorable acompa\u00f1amiento de los vecinos\u00bb a quienes le solicit\u00f3 \u201cm\u00e1xima responsabilidad, aislamiento social voluntario y una circulaci\u00f3n m\u00ednima e indispensable\u201d.<\/p>\n<div class=\"oasis-despues-del-contenido\" id=\"oasis-3665832189\"><img loading=\"lazy\" decoding=\"async\" src=\"https:\/\/oasisfm935.com.ar\/site\/wp-content\/uploads\/2020\/08\/47806202-8741-49f2-a5c9-d2f930e5baa1.jpg\" alt=\"\"  srcset=\"https:\/\/oasisfm935.com.ar\/site\/wp-content\/uploads\/2020\/08\/47806202-8741-49f2-a5c9-d2f930e5baa1.jpg 1080w, https:\/\/oasisfm935.com.ar\/site\/wp-content\/uploads\/2020\/08\/47806202-8741-49f2-a5c9-d2f930e5baa1-300x300.jpg 300w, https:\/\/oasisfm935.com.ar\/site\/wp-content\/uploads\/2020\/08\/47806202-8741-49f2-a5c9-d2f930e5baa1-1024x1024.jpg 1024w, https:\/\/oasisfm935.com.ar\/site\/wp-content\/uploads\/2020\/08\/47806202-8741-49f2-a5c9-d2f930e5baa1-150x150.jpg 150w, https:\/\/oasisfm935.com.ar\/site\/wp-content\/uploads\/2020\/08\/47806202-8741-49f2-a5c9-d2f930e5baa1-768x768.jpg 768w\" sizes=\"(max-width: 1080px) 100vw, 1080px\" class=\"no-lazyload\" width=\"1080\" height=\"1080\"  style=\"display: inline-block;\" \/><\/div>","protected":false},"excerpt":{"rendered":"<p>Las actividades econ\u00f3micas siguen habilitadas y se limitan totalmente las sociales. Quieren cortar la cadena de contagios de coronavirus. El Gobierno Provincial<\/p>\n","protected":false},"author":4,"featured_media":7155,"comment_status":"closed","ping_status":"open","sticky":false,"template":"","format":"standard","meta":{"colormag_page_layout":"default_layout","footnotes":""},"categories":[2],"tags":[],"class_list":["post-7154","post","type-post","status-publish","format-standard","has-post-thumbnail","hentry","category-noticias"],"_links":{"self":[{"href":"https:\/\/oasisfm935.com.ar\/site\/wp-json\/wp\/v2\/posts\/7154","targetHints":{"allow":["GET"]}}],"collection":[{"href":"https:\/\/oasisfm935.com.ar\/site\/wp-json\/wp\/v2\/posts"}],"about":[{"href":"https:\/\/oasisfm935.com.ar\/site\/wp-json\/wp\/v2\/types\/post"}],"author":[{"embeddable":true,"href":"https:\/\/oasisfm935.com.ar\/site\/wp-json\/wp\/v2\/users\/4"}],"replies":[{"embeddable":true,"href":"https:\/\/oasisfm935.com.ar\/site\/wp-json\/wp\/v2\/comments?post=7154"}],"version-history":[{"count":3,"href":"https:\/\/oasisfm935.com.ar\/site\/wp-json\/wp\/v2\/posts\/7154\/revisions"}],"predecessor-version":[{"id":7158,"href":"https:\/\/oasisfm935.com.ar\/site\/wp-json\/wp\/v2\/posts\/7154\/revisions\/7158"}],"wp:featuredmedia":[{"embeddable":true,"href":"https:\/\/oasisfm935.com.ar\/site\/wp-json\/wp\/v2\/media\/7155"}],"wp:attachment":[{"href":"https:\/\/oasisfm935.com.ar\/site\/wp-json\/wp\/v2\/media?parent=7154"}],"wp:term":[{"taxonomy":"category","embeddable":true,"href":"https:\/\/oasisfm935.com.ar\/site\/wp-json\/wp\/v2\/categories?post=7154"},{"taxonomy":"post_tag","embeddable":true,"href":"https:\/\/oasisfm935.com.ar\/site\/wp-json\/wp\/v2\/tags?post=7154"}],"curies":[{"name":"wp","href":"https:\/\/api.w.org\/{rel}","templated":true}]}}