{"id":7159,"date":"2020-10-02T13:58:48","date_gmt":"2020-10-02T16:58:48","guid":{"rendered":"http:\/\/oasisfm935.com\/site\/?p=7159"},"modified":"2020-10-02T13:59:24","modified_gmt":"2020-10-02T16:59:24","slug":"seis-contactos-estrechos-dieron-positivo-para-covid-19-en-la-pampa-y-ya-son-4672-las-personas-aisladas","status":"publish","type":"post","link":"https:\/\/oasisfm935.com.ar\/site\/seis-contactos-estrechos-dieron-positivo-para-covid-19-en-la-pampa-y-ya-son-4672-las-personas-aisladas\/","title":{"rendered":"Seis contactos estrechos dieron positivo para COVID-19 en La Pampa y ya son 4672 las personas aisladas"},"content":{"rendered":"<p>El Gobierno de la provincia de La Pampa a trav\u00e9s del Ministerio de Salud comunica, que en horas de la ma\u00f1ana del d\u00eda 2 de octubre, se finaliz\u00f3 con el procesamiento de 78 muestras analizadas en los laboratorios de la Direcci\u00f3n de Epidemiolog\u00eda y de los Hospitales Gobernador Centeno y Lucio Molas, de las cuales 6 resultaron positivas para COVID-19.<\/p>\n<p>De ellas 4 residen en la localidad de Winifreda, 1 en General Pico y 1 en Santa Rosa. Las 6 personas se encontraban cumpliendo estricto aislamiento por ser consideradas contactos estrechos de casos positivos.<\/p>\n<p>Al d\u00eda de la fecha un total de 4672 personas contin\u00faan aisladas en la Provincia.<\/p>\n<p><strong>Situaci\u00f3n Provincial<\/strong><\/p>\n<p>Desde el inicio de la pandemia, en nuestra Provincia, se registraron un total 758 casos positivos para COVID-19, de los cuales 202 permanecen activos, 7 han fallecido y 549 se han recuperado, entre estos \u00faltimos se encuentran 2 personas de la localidad de Toay, 2 de Santa Rosa y 1 de Intendente Alvear. Los casos confirmados activos est\u00e1n distribuidos de la siguiente manera: 22 en Intendente Alvear, 33 en la ciudad de Santa Rosa, 25 en 25 de mayo, 18 en Larroud\u00e9, 31 en General Pico, 23 en Toay, 9 en Realic\u00f3, 7 en Bernasconi, 8 en Quem\u00fa Quem\u00fa, 7 en General San Mart\u00edn, 1 en General Acha, 2 en Abramo, 2 en Parera,1 en Catril\u00f3, 2 en Lonquimay, 9 en Winifreda y 2 en Embajador Martini.<\/p>\n<p>&nbsp;<\/p>\n<p>Se encuentran internadas 28 personas confirmadas para COVID-19. En General Pico 16 personas, 5 en Terapia intensiva con pron\u00f3stico reservado y 11 en modulares. En el Centro de Enfermedades de Asistencia Respiratoria de Santa Rosa, se encuentran internadas 12 personas, de ellas 9 en cl\u00ednica m\u00e9dica y 3 en terapia intensiva<\/p>\n<div class=\"oasis-despues-del-contenido\" id=\"oasis-272952526\"><img loading=\"lazy\" decoding=\"async\" src=\"https:\/\/oasisfm935.com.ar\/site\/wp-content\/uploads\/2020\/08\/47806202-8741-49f2-a5c9-d2f930e5baa1.jpg\" alt=\"\"  srcset=\"https:\/\/oasisfm935.com.ar\/site\/wp-content\/uploads\/2020\/08\/47806202-8741-49f2-a5c9-d2f930e5baa1.jpg 1080w, https:\/\/oasisfm935.com.ar\/site\/wp-content\/uploads\/2020\/08\/47806202-8741-49f2-a5c9-d2f930e5baa1-300x300.jpg 300w, https:\/\/oasisfm935.com.ar\/site\/wp-content\/uploads\/2020\/08\/47806202-8741-49f2-a5c9-d2f930e5baa1-1024x1024.jpg 1024w, https:\/\/oasisfm935.com.ar\/site\/wp-content\/uploads\/2020\/08\/47806202-8741-49f2-a5c9-d2f930e5baa1-150x150.jpg 150w, https:\/\/oasisfm935.com.ar\/site\/wp-content\/uploads\/2020\/08\/47806202-8741-49f2-a5c9-d2f930e5baa1-768x768.jpg 768w\" sizes=\"(max-width: 1080px) 100vw, 1080px\" class=\"no-lazyload\" width=\"1080\" height=\"1080\"  style=\"display: inline-block;\" \/><\/div>","protected":false},"excerpt":{"rendered":"<p>El Gobierno de la provincia de La Pampa a trav\u00e9s del Ministerio de Salud comunica, que en horas de la ma\u00f1ana del<\/p>\n","protected":false},"author":4,"featured_media":7160,"comment_status":"closed","ping_status":"open","sticky":false,"template":"","format":"standard","meta":{"colormag_page_layout":"default_layout","footnotes":""},"categories":[2],"tags":[],"class_list":["post-7159","post","type-post","status-publish","format-standard","has-post-thumbnail","hentry","category-noticias"],"_links":{"self":[{"href":"https:\/\/oasisfm935.com.ar\/site\/wp-json\/wp\/v2\/posts\/7159","targetHints":{"allow":["GET"]}}],"collection":[{"href":"https:\/\/oasisfm935.com.ar\/site\/wp-json\/wp\/v2\/posts"}],"about":[{"href":"https:\/\/oasisfm935.com.ar\/site\/wp-json\/wp\/v2\/types\/post"}],"author":[{"embeddable":true,"href":"https:\/\/oasisfm935.com.ar\/site\/wp-json\/wp\/v2\/users\/4"}],"replies":[{"embeddable":true,"href":"https:\/\/oasisfm935.com.ar\/site\/wp-json\/wp\/v2\/comments?post=7159"}],"version-history":[{"count":1,"href":"https:\/\/oasisfm935.com.ar\/site\/wp-json\/wp\/v2\/posts\/7159\/revisions"}],"predecessor-version":[{"id":7161,"href":"https:\/\/oasisfm935.com.ar\/site\/wp-json\/wp\/v2\/posts\/7159\/revisions\/7161"}],"wp:featuredmedia":[{"embeddable":true,"href":"https:\/\/oasisfm935.com.ar\/site\/wp-json\/wp\/v2\/media\/7160"}],"wp:attachment":[{"href":"https:\/\/oasisfm935.com.ar\/site\/wp-json\/wp\/v2\/media?parent=7159"}],"wp:term":[{"taxonomy":"category","embeddable":true,"href":"https:\/\/oasisfm935.com.ar\/site\/wp-json\/wp\/v2\/categories?post=7159"},{"taxonomy":"post_tag","embeddable":true,"href":"https:\/\/oasisfm935.com.ar\/site\/wp-json\/wp\/v2\/tags?post=7159"}],"curies":[{"name":"wp","href":"https:\/\/api.w.org\/{rel}","templated":true}]}}