{"id":7162,"date":"2020-10-02T20:34:10","date_gmt":"2020-10-02T23:34:10","guid":{"rendered":"http:\/\/oasisfm935.com\/site\/?p=7162"},"modified":"2020-10-02T20:34:10","modified_gmt":"2020-10-02T23:34:10","slug":"ocho-nuevos-casos-positivos-de-coronavirus-en-la-pampa","status":"publish","type":"post","link":"https:\/\/oasisfm935.com.ar\/site\/ocho-nuevos-casos-positivos-de-coronavirus-en-la-pampa\/","title":{"rendered":"Ocho nuevos casos positivos de coronavirus en La Pampa"},"content":{"rendered":"<p>Con los seis de la ma\u00f1ana, este viernes\u00a0<strong>se sumaron 14 casos en todo el territorio provincial. Adem\u00e1s, hay 4.712 personas que permanecen aisladas de manera preventiva.<\/strong><\/p>\n<p>El Ministerio de Salud de\u00a0 La Pampa inform\u00f3 que en la tarde de este viernes dieron positivo ocho nuevos casos de un total de 93 muestras analizadas en el Hospital Gobernador Centeno y el Lucio Molas:\u00a0<strong>cuatro son de General Pico, tres de Santa Rosa y uno de Toay.<\/strong><\/p>\n<p>Por la<strong>\u00a0ma\u00f1ana<\/strong>\u00a0se hab\u00edan detectado otros seis:<strong>\u00a0cuatro de Winifreda, uno de Santa Rosa\u00a0 y uno de General Pico.<\/strong><\/p>\n<p>Desde el inicio de la pandemia, en nuestra provincia, se registraron un total 766 casos positivos para COVID-19, de los cuales 210 permanecen activos, siete han fallecido y 549 se han recuperado.<\/p>\n<p>Los casos confirmados activos est\u00e1n distribuidos en: 36 en Santa Rosa, 35 en General Pico, 25 en 25 de mayo, 24 en Toay, 22 en Alvear, 18 en Larroud\u00e9, nueve en Winifreda, nueve en Realic\u00f3, ocho en Quem\u00fa Quem\u00fa,\u00a0 siete en Bernasconi, siete en General San Mart\u00edn, dos en Lonquimay, dos en Embajador Martini, dos en Parera, dos en Abramo, uno en General Acha y uno en Catril\u00f3.<\/p>\n<p>En el Gobernador Centeno de General Pico se encuentran internadas 15 personas, cinco\u00a0 en Terapia intensiva con pron\u00f3stico reservado y diez en modulares.<\/p>\n<p>En el Centro de Enfermedades de Asistencia Respiratoria de Santa Rosa, diez en cl\u00ednica m\u00e9dica y dos en terapia intensiva<\/p>\n<div class=\"oasis-despues-del-contenido\" id=\"oasis-2860615345\"><img loading=\"lazy\" decoding=\"async\" src=\"https:\/\/oasisfm935.com.ar\/site\/wp-content\/uploads\/2020\/08\/47806202-8741-49f2-a5c9-d2f930e5baa1.jpg\" alt=\"\"  srcset=\"https:\/\/oasisfm935.com.ar\/site\/wp-content\/uploads\/2020\/08\/47806202-8741-49f2-a5c9-d2f930e5baa1.jpg 1080w, https:\/\/oasisfm935.com.ar\/site\/wp-content\/uploads\/2020\/08\/47806202-8741-49f2-a5c9-d2f930e5baa1-300x300.jpg 300w, https:\/\/oasisfm935.com.ar\/site\/wp-content\/uploads\/2020\/08\/47806202-8741-49f2-a5c9-d2f930e5baa1-1024x1024.jpg 1024w, https:\/\/oasisfm935.com.ar\/site\/wp-content\/uploads\/2020\/08\/47806202-8741-49f2-a5c9-d2f930e5baa1-150x150.jpg 150w, https:\/\/oasisfm935.com.ar\/site\/wp-content\/uploads\/2020\/08\/47806202-8741-49f2-a5c9-d2f930e5baa1-768x768.jpg 768w\" sizes=\"(max-width: 1080px) 100vw, 1080px\" class=\"no-lazyload\" width=\"1080\" height=\"1080\"  style=\"display: inline-block;\" \/><\/div>","protected":false},"excerpt":{"rendered":"<p>Con los seis de la ma\u00f1ana, este viernes\u00a0se sumaron 14 casos en todo el territorio provincial. Adem\u00e1s, hay 4.712 personas que permanecen<\/p>\n","protected":false},"author":4,"featured_media":7163,"comment_status":"closed","ping_status":"open","sticky":false,"template":"","format":"standard","meta":{"colormag_page_layout":"default_layout","footnotes":""},"categories":[2],"tags":[],"class_list":["post-7162","post","type-post","status-publish","format-standard","has-post-thumbnail","hentry","category-noticias"],"_links":{"self":[{"href":"https:\/\/oasisfm935.com.ar\/site\/wp-json\/wp\/v2\/posts\/7162","targetHints":{"allow":["GET"]}}],"collection":[{"href":"https:\/\/oasisfm935.com.ar\/site\/wp-json\/wp\/v2\/posts"}],"about":[{"href":"https:\/\/oasisfm935.com.ar\/site\/wp-json\/wp\/v2\/types\/post"}],"author":[{"embeddable":true,"href":"https:\/\/oasisfm935.com.ar\/site\/wp-json\/wp\/v2\/users\/4"}],"replies":[{"embeddable":true,"href":"https:\/\/oasisfm935.com.ar\/site\/wp-json\/wp\/v2\/comments?post=7162"}],"version-history":[{"count":1,"href":"https:\/\/oasisfm935.com.ar\/site\/wp-json\/wp\/v2\/posts\/7162\/revisions"}],"predecessor-version":[{"id":7164,"href":"https:\/\/oasisfm935.com.ar\/site\/wp-json\/wp\/v2\/posts\/7162\/revisions\/7164"}],"wp:featuredmedia":[{"embeddable":true,"href":"https:\/\/oasisfm935.com.ar\/site\/wp-json\/wp\/v2\/media\/7163"}],"wp:attachment":[{"href":"https:\/\/oasisfm935.com.ar\/site\/wp-json\/wp\/v2\/media?parent=7162"}],"wp:term":[{"taxonomy":"category","embeddable":true,"href":"https:\/\/oasisfm935.com.ar\/site\/wp-json\/wp\/v2\/categories?post=7162"},{"taxonomy":"post_tag","embeddable":true,"href":"https:\/\/oasisfm935.com.ar\/site\/wp-json\/wp\/v2\/tags?post=7162"}],"curies":[{"name":"wp","href":"https:\/\/api.w.org\/{rel}","templated":true}]}}