{"id":7167,"date":"2020-10-03T12:02:48","date_gmt":"2020-10-03T15:02:48","guid":{"rendered":"http:\/\/oasisfm935.com\/site\/?p=7167"},"modified":"2020-10-03T12:02:48","modified_gmt":"2020-10-03T15:02:48","slug":"la-pampa-coronavirus-octava-muerte-en-la-provincia","status":"publish","type":"post","link":"https:\/\/oasisfm935.com.ar\/site\/la-pampa-coronavirus-octava-muerte-en-la-provincia\/","title":{"rendered":"La Pampa Coronavirus: octava muerte en la provincia."},"content":{"rendered":"<p>Salud confirm\u00f3 fallecimiento de un paciente de Bernardo Larroud\u00e9.<\/p>\n<p>Se produjo la octava muerte por coronavirus en la provincia. Se trata de una persona de sexo masculino, de 84 a\u00f1os de edad, que falleci\u00f3 luego de cursar 23 d\u00edas de internaci\u00f3n en General Pico.<\/p>\n<p>Era un paciente que contrajo la enfermedad en Bernardo Larroud\u00e9. All\u00ed resid\u00eda el paciente, quien se\u00a0encontraba Internado en Terapia Intensiva del Hospital Gobernador Centeno por presentar patolog\u00eda respiratoria con COVID positivo. El paciente padecia enfermedades preexistentes.<\/p>\n<p>Hasta el momento, en La Pampa, el promedio de edad de las personas fallecidas por coronavirus es de 79,25 a\u00f1os. Son cuatro hombres y cuatro mujeres. Tres de las v\u00edctimas eran oriundas de Alvear y otras tres de Larroud\u00e9. Las otras de Catril\u00f3 y La Adela. En todos los casos eran personas adultas mayores: una superaba los 90 a\u00f1os, tres mayores de 80 a\u00f1os, dos mayores de 70 a\u00f1os y dos estaban entre los 60 y los 70.<\/p>\n<p>El primer fallecimiento se produjo el 25 de agosto y fue un hombre de 96 a\u00f1os, luego de 31 d\u00edas de internaci\u00f3n, vinculado al brote del virus en la localidad de Catril\u00f3.<\/p>\n<p>La segunda muerte ocurri\u00f3 el 1\u00ba de septiembre y fue una mujer de 68 a\u00f1os, con domicilio en Intendente Alvear, pero se encontraba internada en Terapia Intensiva del hospital Gobernador Centeno. El nexo de contagio tambi\u00e9n fue Catril\u00f3. Estuvo 30 d\u00edas con asistencia respiratoria mec\u00e1nica por ser \u201cinmunodeprimida, con neuropat\u00eda severa entre otras comorbilidades\u201d, seg\u00fan se inform\u00f3 oficialmente.<\/p>\n<p>La\u00a0 tercera v\u00edctima fatal del coronavirus en la provincia sucedi\u00f3 el 3 de septiembre y fue un hombre de 63 a\u00f1os que permaneci\u00f3 siete d\u00edas internado en sala de Terapia Intensiva del Centro de Enfermedades de Asistencia Respiratoria (CEAR), por \u201cpresentar patolog\u00eda respiratoria asociada al diagn\u00f3stico positivo, y era un caso con m\u00faltiples comorbilidades\u201d. El paciente viv\u00eda en R\u00edo Colorado, pero presentaba domicilio en la localidad pampeana de La Adela, motivo por el cual fue asistido por el equipo de Salud P\u00fablica.<\/p>\n<p>La cuarta muerte fue una mujer de 88 a\u00f1os, de Bernardo Larroud\u00e9, \u201ccon m\u00faltiples comorbilidades\u201d. Muri\u00f3 el pasado 24 de septiembre, luego de ocho d\u00edas de internaci\u00f3n.<\/p>\n<p>Ese mismo d\u00eda tambi\u00e9n se dio a conocer el quinto fallecimiento, ocurrido unos d\u00edas atr\u00e1s, y relacionado con la pandemia del coronavirus en la provincia. Aunque en este caso se aclar\u00f3 que se trat\u00f3 de una mujer de 70 a\u00f1os, de Bernardo Larroud\u00e9, que falleci\u00f3 por una \u201coclusi\u00f3n intestinal\u201d y que posteriormente -en un test \u201cpost morten\u201d- se comprob\u00f3 que era portadora del virus.<\/p>\n<p>Aquel jueves negro del 24 de septiembre tambi\u00e9n se inform\u00f3 la sexta v\u00edctima fatal en la provincia: fue una mujer de 79 a\u00f1os de edad, de Intendente Alvear, que muri\u00f3 en el hospital Gobernador Centeno de General Pico luego de 20 d\u00edas de internaci\u00f3n.<\/p>\n<p>El s\u00e9ptimo fallecimiento se report\u00f3 el\u00a0 1 de octubre: un hombre de 86 a\u00f1os, que estuvo 16 d\u00edas internado. El paciente resid\u00eda en Alvear y se encontraba internado en sala de Terapia Intensiva del Establecimiento Asistencial Gobernador Centeno. Padec\u00eda enfermedades preexistentes.<\/p>\n<div class=\"oasis-despues-del-contenido\" id=\"oasis-4055216576\"><img loading=\"lazy\" decoding=\"async\" src=\"https:\/\/oasisfm935.com.ar\/site\/wp-content\/uploads\/2020\/08\/47806202-8741-49f2-a5c9-d2f930e5baa1.jpg\" alt=\"\"  srcset=\"https:\/\/oasisfm935.com.ar\/site\/wp-content\/uploads\/2020\/08\/47806202-8741-49f2-a5c9-d2f930e5baa1.jpg 1080w, https:\/\/oasisfm935.com.ar\/site\/wp-content\/uploads\/2020\/08\/47806202-8741-49f2-a5c9-d2f930e5baa1-300x300.jpg 300w, https:\/\/oasisfm935.com.ar\/site\/wp-content\/uploads\/2020\/08\/47806202-8741-49f2-a5c9-d2f930e5baa1-1024x1024.jpg 1024w, https:\/\/oasisfm935.com.ar\/site\/wp-content\/uploads\/2020\/08\/47806202-8741-49f2-a5c9-d2f930e5baa1-150x150.jpg 150w, https:\/\/oasisfm935.com.ar\/site\/wp-content\/uploads\/2020\/08\/47806202-8741-49f2-a5c9-d2f930e5baa1-768x768.jpg 768w\" sizes=\"(max-width: 1080px) 100vw, 1080px\" class=\"no-lazyload\" width=\"1080\" height=\"1080\"  style=\"display: inline-block;\" \/><\/div>","protected":false},"excerpt":{"rendered":"<p>Salud confirm\u00f3 fallecimiento de un paciente de Bernardo Larroud\u00e9. Se produjo la octava muerte por coronavirus en la provincia. Se trata de<\/p>\n","protected":false},"author":4,"featured_media":7168,"comment_status":"closed","ping_status":"open","sticky":false,"template":"","format":"standard","meta":{"colormag_page_layout":"default_layout","footnotes":""},"categories":[2],"tags":[],"class_list":["post-7167","post","type-post","status-publish","format-standard","has-post-thumbnail","hentry","category-noticias"],"_links":{"self":[{"href":"https:\/\/oasisfm935.com.ar\/site\/wp-json\/wp\/v2\/posts\/7167","targetHints":{"allow":["GET"]}}],"collection":[{"href":"https:\/\/oasisfm935.com.ar\/site\/wp-json\/wp\/v2\/posts"}],"about":[{"href":"https:\/\/oasisfm935.com.ar\/site\/wp-json\/wp\/v2\/types\/post"}],"author":[{"embeddable":true,"href":"https:\/\/oasisfm935.com.ar\/site\/wp-json\/wp\/v2\/users\/4"}],"replies":[{"embeddable":true,"href":"https:\/\/oasisfm935.com.ar\/site\/wp-json\/wp\/v2\/comments?post=7167"}],"version-history":[{"count":1,"href":"https:\/\/oasisfm935.com.ar\/site\/wp-json\/wp\/v2\/posts\/7167\/revisions"}],"predecessor-version":[{"id":7169,"href":"https:\/\/oasisfm935.com.ar\/site\/wp-json\/wp\/v2\/posts\/7167\/revisions\/7169"}],"wp:featuredmedia":[{"embeddable":true,"href":"https:\/\/oasisfm935.com.ar\/site\/wp-json\/wp\/v2\/media\/7168"}],"wp:attachment":[{"href":"https:\/\/oasisfm935.com.ar\/site\/wp-json\/wp\/v2\/media?parent=7167"}],"wp:term":[{"taxonomy":"category","embeddable":true,"href":"https:\/\/oasisfm935.com.ar\/site\/wp-json\/wp\/v2\/categories?post=7167"},{"taxonomy":"post_tag","embeddable":true,"href":"https:\/\/oasisfm935.com.ar\/site\/wp-json\/wp\/v2\/tags?post=7167"}],"curies":[{"name":"wp","href":"https:\/\/api.w.org\/{rel}","templated":true}]}}