{"id":7171,"date":"2020-10-03T12:08:52","date_gmt":"2020-10-03T15:08:52","guid":{"rendered":"http:\/\/oasisfm935.com\/site\/?p=7171"},"modified":"2020-10-03T12:08:52","modified_gmt":"2020-10-03T15:08:52","slug":"ya-esta-en-marcha-la-caravana-por-el-libre-transito-interprovincial-en-la-ruta-35-somos-un-solo-pais","status":"publish","type":"post","link":"https:\/\/oasisfm935.com.ar\/site\/ya-esta-en-marcha-la-caravana-por-el-libre-transito-interprovincial-en-la-ruta-35-somos-un-solo-pais\/","title":{"rendered":"Ya est\u00e1 en marcha la caravana por el libre tr\u00e1nsito interprovincial en la Ruta 35: \u00abSomos un solo pa\u00eds\u00bb"},"content":{"rendered":"<p>La caravana por el libre tr\u00e1nsito en el l\u00edmite interprovincial entre C\u00f3rdoba y La Pampa, comenz\u00f3 a gestarse en los \u00faltimos d\u00edas, se viraliz\u00f3 la convocatoria a trav\u00e9s de las redes sociales y esta ma\u00f1ana comenz\u00f3 a materializarse alrededor de las 9,30 como estaba previsto.<\/p>\n<p>Bajo el lema \u00ab<strong>Somos un solo pa\u00eds, un mismo pueblo\u00bb,\u00a0<\/strong>la caravana comenz\u00f3 a avanzar este s\u00e1bado por la ruta nacional 35 entre Huina Renanc\u00f3 (sur de C\u00f3rdoba) y Realic\u00f3 (norte de La Pampa). La protesta se desarrolla de manera pac\u00edfica, pidiendo a las autoridades por el libre tr\u00e1nsito interprovincial.<\/p>\n<p>Decenas de veh\u00edculos se concentraron desde las 9,30 \u00ab<strong>frente al atropello que hacen con todos\u00bb<\/strong>, pero tambi\u00e9n en apoyo al reclamo de los productores y comerciantes autoconvocados que necesitan ingresar a trabajar a la provincia de San Luis.<\/p>\n<p>Uno de los participantes de la caravana entre el l\u00edmite de C\u00f3rdoba y La Pampa expres\u00f3 \u00ab<strong>much\u00edsima gente se est\u00e1 movilizando, la gente se empieza a despertar, somos toda gente que trabaja y necesitamos ejercer nuestro derecho a la libre circulaci\u00f3n\u00bb.<\/strong><\/p>\n<p>Recordemos que en los \u00faltimos meses fueron reiteradas las situaciones de vecinos que planteaban la imposibilidad de ingresar a La Pampa ya sea por trabajo o atenci\u00f3n a la salud, frente a las restricciones impuestas.<\/p>\n<p>En la jornada del viernes se volvieron a presentar conflictos para el paso hacia La Pampa, esta vez de viajantes que con todos los permisos no pudieron circular a realizar su trabajo tan solo<strong>\u00a0\u201cpor ser de Huinca\u201d. \u00a0<\/strong><\/p>\n<p>Frente a estos reiterados inconvenientes en el paso interprovincial, desde las 9,30 horas de este s\u00e1bado una caravana entre Huina Renanc\u00f3 y Realic\u00f3 comenz\u00f3 a manifestarse pac\u00edficamente, pidiendo a las autoridades por el libre tr\u00e1nsito interprovincial.<\/p>\n<p>Zonal Noticias .<\/p>\n<div class=\"oasis-despues-del-contenido\" id=\"oasis-4200547577\"><img loading=\"lazy\" decoding=\"async\" src=\"https:\/\/oasisfm935.com.ar\/site\/wp-content\/uploads\/2020\/08\/47806202-8741-49f2-a5c9-d2f930e5baa1.jpg\" alt=\"\"  srcset=\"https:\/\/oasisfm935.com.ar\/site\/wp-content\/uploads\/2020\/08\/47806202-8741-49f2-a5c9-d2f930e5baa1.jpg 1080w, https:\/\/oasisfm935.com.ar\/site\/wp-content\/uploads\/2020\/08\/47806202-8741-49f2-a5c9-d2f930e5baa1-300x300.jpg 300w, https:\/\/oasisfm935.com.ar\/site\/wp-content\/uploads\/2020\/08\/47806202-8741-49f2-a5c9-d2f930e5baa1-1024x1024.jpg 1024w, https:\/\/oasisfm935.com.ar\/site\/wp-content\/uploads\/2020\/08\/47806202-8741-49f2-a5c9-d2f930e5baa1-150x150.jpg 150w, https:\/\/oasisfm935.com.ar\/site\/wp-content\/uploads\/2020\/08\/47806202-8741-49f2-a5c9-d2f930e5baa1-768x768.jpg 768w\" sizes=\"(max-width: 1080px) 100vw, 1080px\" class=\"no-lazyload\" width=\"1080\" height=\"1080\"  style=\"display: inline-block;\" \/><\/div>","protected":false},"excerpt":{"rendered":"<p>La caravana por el libre tr\u00e1nsito en el l\u00edmite interprovincial entre C\u00f3rdoba y La Pampa, comenz\u00f3 a gestarse en los \u00faltimos d\u00edas,<\/p>\n","protected":false},"author":4,"featured_media":7172,"comment_status":"closed","ping_status":"open","sticky":false,"template":"","format":"standard","meta":{"colormag_page_layout":"default_layout","footnotes":""},"categories":[2],"tags":[],"class_list":["post-7171","post","type-post","status-publish","format-standard","has-post-thumbnail","hentry","category-noticias"],"_links":{"self":[{"href":"https:\/\/oasisfm935.com.ar\/site\/wp-json\/wp\/v2\/posts\/7171","targetHints":{"allow":["GET"]}}],"collection":[{"href":"https:\/\/oasisfm935.com.ar\/site\/wp-json\/wp\/v2\/posts"}],"about":[{"href":"https:\/\/oasisfm935.com.ar\/site\/wp-json\/wp\/v2\/types\/post"}],"author":[{"embeddable":true,"href":"https:\/\/oasisfm935.com.ar\/site\/wp-json\/wp\/v2\/users\/4"}],"replies":[{"embeddable":true,"href":"https:\/\/oasisfm935.com.ar\/site\/wp-json\/wp\/v2\/comments?post=7171"}],"version-history":[{"count":1,"href":"https:\/\/oasisfm935.com.ar\/site\/wp-json\/wp\/v2\/posts\/7171\/revisions"}],"predecessor-version":[{"id":7173,"href":"https:\/\/oasisfm935.com.ar\/site\/wp-json\/wp\/v2\/posts\/7171\/revisions\/7173"}],"wp:featuredmedia":[{"embeddable":true,"href":"https:\/\/oasisfm935.com.ar\/site\/wp-json\/wp\/v2\/media\/7172"}],"wp:attachment":[{"href":"https:\/\/oasisfm935.com.ar\/site\/wp-json\/wp\/v2\/media?parent=7171"}],"wp:term":[{"taxonomy":"category","embeddable":true,"href":"https:\/\/oasisfm935.com.ar\/site\/wp-json\/wp\/v2\/categories?post=7171"},{"taxonomy":"post_tag","embeddable":true,"href":"https:\/\/oasisfm935.com.ar\/site\/wp-json\/wp\/v2\/tags?post=7171"}],"curies":[{"name":"wp","href":"https:\/\/api.w.org\/{rel}","templated":true}]}}