{"id":7174,"date":"2020-10-03T13:39:43","date_gmt":"2020-10-03T16:39:43","guid":{"rendered":"http:\/\/oasisfm935.com\/site\/?p=7174"},"modified":"2020-10-03T13:41:45","modified_gmt":"2020-10-03T16:41:45","slug":"ingeniero-luiggi-varias-personas-fueron-notificadas-esta-madrugada-en-luiggi-por-incumplir-horarios-de-circulacion-y-reunion","status":"publish","type":"post","link":"https:\/\/oasisfm935.com.ar\/site\/ingeniero-luiggi-varias-personas-fueron-notificadas-esta-madrugada-en-luiggi-por-incumplir-horarios-de-circulacion-y-reunion\/","title":{"rendered":"Ingeniero Luiggi: Varias personas fueron notificadas esta madrugada en Luiggi por incumplir horarios de circulaci\u00f3n y reuni\u00f3n."},"content":{"rendered":"<p><strong>En comunicaci\u00f3n con FM OASIS el comisario de Ingeniero Luiggi dijo:<\/strong> <em>En horas de la madrugada del d\u00eda de la fecha, varias fueron las intervenciones del personal policial de Ingeniero Luiggi, dado que a horas 03:00 aproximadamente se intercepto un grupo de 3 masculinos que caminaban por calle Corrientes y Pasaje Sargento Cabral, los cuales carec\u00edan de motivos para estar en ese horario en la v\u00eda p\u00fablica.<\/em><\/p>\n<p>&nbsp;<\/p>\n<p style=\"text-align: center\">Tambi\u00e9n a horas 03:45 se constato personas reunidos en un domicilio ubicado sobre calle Pueyrred\u00f3n casi La Prida a las afueras de la localidad, en dicho lugar se procedi\u00f3 a la notificaci\u00f3n de dos masculinos y a la desconcentraci\u00f3n de los mismos.<\/p>\n<p style=\"text-align: right\">Posteriormente a horas 04:10 se intercepto a 3 j\u00f3venes, que se desplazaban en un automotor marca Volkswagen Bora, sobre calles Alberdi y Pueyrred\u00f3n. Dichos j\u00f3venes tampoco ten\u00edan un justificativo para estar en esos momentos en la v\u00eda p\u00fablica.<\/p>\n<p><strong>Adem\u00e1s la conductora del rodado ser menor de edad y en ese momento carec\u00eda\u00a0 de licencia para conducir, raz\u00f3n por la cual se procedi\u00f3 a la retenci\u00f3n preventiva del rodado a disposici\u00f3n del Juzgado de Faltas Local.<\/strong><\/p>\n<p>Adem\u00e1s en los tres casos todos los infractores fueron notificados por Infracci\u00f3n al Art\u00edculo 205 y 239 del C\u00f3digo Penal, con intervenci\u00f3n de la Fiscal\u00eda General a cargo del Dr. Armando AG\u00dcERO de General Pico.-<\/p>\n<div class=\"oasis-despues-del-contenido\" id=\"oasis-2916397081\"><img loading=\"lazy\" decoding=\"async\" src=\"https:\/\/oasisfm935.com.ar\/site\/wp-content\/uploads\/2020\/08\/47806202-8741-49f2-a5c9-d2f930e5baa1.jpg\" alt=\"\"  srcset=\"https:\/\/oasisfm935.com.ar\/site\/wp-content\/uploads\/2020\/08\/47806202-8741-49f2-a5c9-d2f930e5baa1.jpg 1080w, https:\/\/oasisfm935.com.ar\/site\/wp-content\/uploads\/2020\/08\/47806202-8741-49f2-a5c9-d2f930e5baa1-300x300.jpg 300w, https:\/\/oasisfm935.com.ar\/site\/wp-content\/uploads\/2020\/08\/47806202-8741-49f2-a5c9-d2f930e5baa1-1024x1024.jpg 1024w, https:\/\/oasisfm935.com.ar\/site\/wp-content\/uploads\/2020\/08\/47806202-8741-49f2-a5c9-d2f930e5baa1-150x150.jpg 150w, https:\/\/oasisfm935.com.ar\/site\/wp-content\/uploads\/2020\/08\/47806202-8741-49f2-a5c9-d2f930e5baa1-768x768.jpg 768w\" sizes=\"(max-width: 1080px) 100vw, 1080px\" class=\"no-lazyload\" width=\"1080\" height=\"1080\"  style=\"display: inline-block;\" \/><\/div>","protected":false},"excerpt":{"rendered":"<p>En comunicaci\u00f3n con FM OASIS el comisario de Ingeniero Luiggi dijo: En horas de la madrugada del d\u00eda de la fecha, varias<\/p>\n","protected":false},"author":4,"featured_media":7175,"comment_status":"closed","ping_status":"open","sticky":false,"template":"","format":"standard","meta":{"colormag_page_layout":"default_layout","footnotes":""},"categories":[2],"tags":[],"class_list":["post-7174","post","type-post","status-publish","format-standard","has-post-thumbnail","hentry","category-noticias"],"_links":{"self":[{"href":"https:\/\/oasisfm935.com.ar\/site\/wp-json\/wp\/v2\/posts\/7174","targetHints":{"allow":["GET"]}}],"collection":[{"href":"https:\/\/oasisfm935.com.ar\/site\/wp-json\/wp\/v2\/posts"}],"about":[{"href":"https:\/\/oasisfm935.com.ar\/site\/wp-json\/wp\/v2\/types\/post"}],"author":[{"embeddable":true,"href":"https:\/\/oasisfm935.com.ar\/site\/wp-json\/wp\/v2\/users\/4"}],"replies":[{"embeddable":true,"href":"https:\/\/oasisfm935.com.ar\/site\/wp-json\/wp\/v2\/comments?post=7174"}],"version-history":[{"count":3,"href":"https:\/\/oasisfm935.com.ar\/site\/wp-json\/wp\/v2\/posts\/7174\/revisions"}],"predecessor-version":[{"id":7178,"href":"https:\/\/oasisfm935.com.ar\/site\/wp-json\/wp\/v2\/posts\/7174\/revisions\/7178"}],"wp:featuredmedia":[{"embeddable":true,"href":"https:\/\/oasisfm935.com.ar\/site\/wp-json\/wp\/v2\/media\/7175"}],"wp:attachment":[{"href":"https:\/\/oasisfm935.com.ar\/site\/wp-json\/wp\/v2\/media?parent=7174"}],"wp:term":[{"taxonomy":"category","embeddable":true,"href":"https:\/\/oasisfm935.com.ar\/site\/wp-json\/wp\/v2\/categories?post=7174"},{"taxonomy":"post_tag","embeddable":true,"href":"https:\/\/oasisfm935.com.ar\/site\/wp-json\/wp\/v2\/tags?post=7174"}],"curies":[{"name":"wp","href":"https:\/\/api.w.org\/{rel}","templated":true}]}}